{"id":4491,"date":"2024-08-20T12:08:28","date_gmt":"2024-08-20T10:08:28","guid":{"rendered":"https:\/\/elcafedepipa.com\/?p=4491"},"modified":"2024-08-20T12:08:29","modified_gmt":"2024-08-20T10:08:29","slug":"sanitat-ampliara-els-punts-de-vacunacio-contra-el-virus-mpox-per-facilitar-lacces-als-grups-de-risc","status":"publish","type":"post","link":"https:\/\/elcafedepipa.com\/index.php\/2024\/08\/20\/sanitat-ampliara-els-punts-de-vacunacio-contra-el-virus-mpox-per-facilitar-lacces-als-grups-de-risc\/","title":{"rendered":"Sanitat ampliar\u00e0 els punts de vacunaci\u00f3 contra el virus mpox per facilitar l&#8217;acc\u00e9s als grups de risc"},"content":{"rendered":"\n<p><strong>Des de la Conselleria es va promoure a principis de juliol la vacunaci\u00f3 entre les persones en tractament profil\u00e0ctic<\/strong><\/p>\n\n\n\n<p>La Conselleria de Sanitat ha decidit ampliar els punts de vacunaci\u00f3 per a la prevenci\u00f3 de la infecci\u00f3 del virus&nbsp;mpox&nbsp;(viruela&nbsp;del&nbsp;mono) amb l&#8217;objectiu de millorar l&#8217;accessibilitat a la vacuna per als grups de risc.&nbsp;Aquesta&nbsp;mesura s&#8217;ha adoptat en una reuni\u00f3 presidida pel conseller de Sanitat,&nbsp;Marciano&nbsp;G\u00f3mez, amb la pres\u00e8ncia de responsables de les \u00e0rees de Planificaci\u00f3, Salut P\u00fablica, Atenci\u00f3 Prim\u00e0ria, Hospital\u00e0ria i Farm\u00e0cia.<\/p>\n\n\n\n<p>L&#8217;objectiu de la trobada ha sigut analitzar la situaci\u00f3 actual a la Comunitat Valenciana i preparar la reuni\u00f3 que se celebrar\u00e0 hui&nbsp;entre el Ministeri de Sanitat i les comunitats aut\u00f2nomes. Durant la reuni\u00f3, s&#8217;ha constatat com a conclusi\u00f3 principal, segons l&#8217;estudi realitzat pels t\u00e8cnics de Salut P\u00fablica, que &#8220;ens trobem en un context de normalitat des del punt de vista epidemiol\u00f2gic&#8221;, tal com ha confirmat el conseller.<\/p>\n\n\n\n<p>Marciano&nbsp;G\u00f3mez ha explicat que s&#8217;ha acordat &#8220;incrementar els punts d&#8217;administraci\u00f3 de la vacuna per a millorar l&#8217;accessibilitat dels ciutadans, ja que la vacunaci\u00f3, juntament amb la vigil\u00e0ncia epidemiol\u00f2gica, s\u00f3n els dos pilars clau per afavorir la prevenci\u00f3 de la malaltia&#8221;.<\/p>\n\n\n\n<p>Actualment, la vacuna contra el&nbsp;mpox&nbsp;s&#8217;administra als&nbsp;CIP, centres d&#8217;informaci\u00f3 i prevenci\u00f3 provincials. Amb&nbsp;aquesta&nbsp;iniciativa, la Conselleria de Sanitat ampliar\u00e0 els punts de vacunaci\u00f3 als Serveis de Medicina Preventiva de tots els hospitals de la Comunitat Valenciana. Mitjan\u00e7ant&nbsp;aquest&nbsp;circuit de vacunaci\u00f3 impulsat per la Conselleria, les persones pertanyents als grups de risc podran acudir al seu centre de salut i sol\u00b7licitar&nbsp;hora&nbsp;per a la vacunaci\u00f3 al seu hospital de refer\u00e8ncia.<\/p>\n\n\n\n<p>Els grups de risc als quals es recomana la vacunaci\u00f3 inclouen, d&#8217;una banda, les persones que mantenen pr\u00e0ctiques sexuals de risc, especialment, per\u00f2 no exclusivament, homes que tenen sexe amb altres homes. D&#8217;altra banda, les persones amb risc&nbsp;per&nbsp;la seua ocupaci\u00f3, com aquells que treballen en consultes especialitzades, personal de laboratori o personal encarregat de la desinfecci\u00f3 de superf\u00edcies en locals espec\u00edfics de risc. Tamb\u00e9 es recomana la vacunaci\u00f3 a tots els contactes estrets que no hagen passat la malaltia, especialment persones amb risc de malaltia greu i complicacions, aix\u00ed com personal sanitari i de laboratori exposat.<\/p>\n\n\n\n<p>Pel que fa a la vacunaci\u00f3, a principis del mes de juliol, la Conselleria de Sanitat es va anticipar a la situaci\u00f3 actual enviant un SMS a les persones en tractament profil\u00e0ctic, recomanant-los la immunitzaci\u00f3 mitjan\u00e7ant la vacuna. Gr\u00e0cies a&nbsp;aquesta&nbsp;mesura, s&#8217;ha comprovat que el ritme de vacunaci\u00f3 ha augmentat a la Comunitat Valenciana.<\/p>\n\n\n\n<p>Des de la primera declaraci\u00f3 d&#8217;emerg\u00e8ncia internacional per part de l&#8217;OMS&nbsp;al juliol&nbsp;de 2022, a la Comunitat Valenciana s&#8217;han protegit mitjan\u00e7ant la vacunaci\u00f3 prop de 1.600 persones.<\/p>\n\n\n\n<p><\/p>\n","protected":false},"excerpt":{"rendered":"<p>Des de la Conselleria es va promoure a principis de juliol la vacunaci\u00f3 entre les persones en tractament profil\u00e0ctic La Conselleria de Sanitat ha decidit ampliar els punts de vacunaci\u00f3 per a la prevenci\u00f3 de la infecci\u00f3 del virus&nbsp;mpox&nbsp;(viruela&nbsp;del&nbsp;mono) amb l&#8217;objectiu de millorar l&#8217;accessibilitat a la vacuna per als grups de risc.&nbsp;Aquesta&nbsp;mesura s&#8217;ha adoptat en &#8230; <a title=\"Sanitat ampliar\u00e0 els punts de vacunaci\u00f3 contra el virus mpox per facilitar l&#8217;acc\u00e9s als grups de risc\" class=\"read-more\" href=\"https:\/\/elcafedepipa.com\/index.php\/2024\/08\/20\/sanitat-ampliara-els-punts-de-vacunacio-contra-el-virus-mpox-per-facilitar-lacces-als-grups-de-risc\/\" aria-label=\"M\u00e9s informaci\u00f3 sobre Sanitat ampliar\u00e0 els punts de vacunaci\u00f3 contra el virus mpox per facilitar l&#8217;acc\u00e9s als grups de risc\">Read more<\/a><\/p>\n","protected":false},"author":2,"featured_media":4492,"comment_status":"closed","ping_status":"closed","sticky":false,"template":"","format":"standard","meta":{"om_disable_all_campaigns":false,"_monsterinsights_skip_tracking":false,"_monsterinsights_sitenote_active":false,"_monsterinsights_sitenote_note":"","_monsterinsights_sitenote_category":0,"_uf_show_specific_survey":0,"_uf_disable_surveys":false,"footnotes":""},"categories":[11],"tags":[],"class_list":["post-4491","post","type-post","status-publish","format-standard","has-post-thumbnail","hentry","category-comunitatvalenciana"],"_links":{"self":[{"href":"https:\/\/elcafedepipa.com\/index.php\/wp-json\/wp\/v2\/posts\/4491","targetHints":{"allow":["GET"]}}],"collection":[{"href":"https:\/\/elcafedepipa.com\/index.php\/wp-json\/wp\/v2\/posts"}],"about":[{"href":"https:\/\/elcafedepipa.com\/index.php\/wp-json\/wp\/v2\/types\/post"}],"author":[{"embeddable":true,"href":"https:\/\/elcafedepipa.com\/index.php\/wp-json\/wp\/v2\/users\/2"}],"replies":[{"embeddable":true,"href":"https:\/\/elcafedepipa.com\/index.php\/wp-json\/wp\/v2\/comments?post=4491"}],"version-history":[{"count":0,"href":"https:\/\/elcafedepipa.com\/index.php\/wp-json\/wp\/v2\/posts\/4491\/revisions"}],"wp:featuredmedia":[{"embeddable":true,"href":"https:\/\/elcafedepipa.com\/index.php\/wp-json\/wp\/v2\/media\/4492"}],"wp:attachment":[{"href":"https:\/\/elcafedepipa.com\/index.php\/wp-json\/wp\/v2\/media?parent=4491"}],"wp:term":[{"taxonomy":"category","embeddable":true,"href":"https:\/\/elcafedepipa.com\/index.php\/wp-json\/wp\/v2\/categories?post=4491"},{"taxonomy":"post_tag","embeddable":true,"href":"https:\/\/elcafedepipa.com\/index.php\/wp-json\/wp\/v2\/tags?post=4491"}],"curies":[{"name":"wp","href":"https:\/\/api.w.org\/{rel}","templated":true}]}}