{"id":4465,"date":"2024-08-19T13:47:06","date_gmt":"2024-08-19T11:47:06","guid":{"rendered":"https:\/\/elcafedepipa.com\/?p=4465"},"modified":"2024-08-19T13:47:08","modified_gmt":"2024-08-19T11:47:08","slug":"moncofa-continua-les-activitats-destiu-amb-el-nature-fest","status":"publish","type":"post","link":"https:\/\/elcafedepipa.com\/index.php\/2024\/08\/19\/moncofa-continua-les-activitats-destiu-amb-el-nature-fest\/","title":{"rendered":"Moncofa continua les activitats d&#8217;estiu amb el Nature Fest"},"content":{"rendered":"\n<p>Moncofa continua sent un centre d&#8217;activitat durant l&#8217;estiu, despr\u00e9s de l&#8217;\u00e8xit de les festes de Sant Roc i amb la mirada posada en el MAC (Moncofa al Carrer). Una de les grans apostes culturals d&#8217;aquest&nbsp;estiu ser\u00e0 el Nature Fest, un esdeveniment que, segons la regidora de Festes,&nbsp;Mar\u00eda&nbsp;Teresa Alemany, &#8220;ha donat uns resultats molt satisfactoris en els \u00faltims anys, tant per la cr\u00edtica com per l&#8217;acollida del ve\u00efnat i els visitants. Programem concerts de m\u00fasica en directe per a xiquets i adults, apropant una cultura de qualitat al municipi i a la vora del Mediterrani.&#8221;<\/p>\n\n\n\n<p>El Nature Fest tindr\u00e0 lloc del 22 al 25 d&#8217;agost, oferint al ve\u00efnat i als visitants l&#8217;oportunitat de gaudir d&#8217;aquest&nbsp;espai cultural per a tots els p\u00fablics, ubicat al carrer Enric Valor, darrere de l&#8217;ermita de Santa Maria Magdalena. El recinte obrir\u00e0&nbsp;les seues portes&nbsp;fins a les 00.30 h i comptar\u00e0 amb punts gastron\u00f2mics de food trucks, en un ambient familiar i festiu, amb activitats per a xiquets i xiquetes i una \u00e0mplia zona d&#8217;aparcament.<\/p>\n\n\n\n<p>Pel que fa a l&#8217;agenda musical, el dijous a les 20.30 h, un tribut a&nbsp;Amaral&nbsp;donar\u00e0 el tret d&#8217;eixida al Nature Fest. Despr\u00e9s del concert, un DJ convidat continuar\u00e0 animant la vesprada. El divendres ser\u00e0 el torn de&nbsp;DiscoKids&nbsp;per als m\u00e9s menuts, seguit d&#8217;un concert de rock a c\u00e0rrec de&nbsp;Sergio&nbsp;Toro, amb un altre DJ convidat per a concloure la nit.<\/p>\n\n\n\n<p>El dissabte comen\u00e7ar\u00e0 amb una altra sessi\u00f3 per a xiquets abans de l&#8217;espectacle de Culpables. El Nature Fest tancar\u00e0 la seua segona edici\u00f3 el diumenge a la vesprada, amb un festival Disney i el concert de&nbsp;Gustavo&nbsp;Parad\u00eds.<\/p>\n\n\n\n<p><\/p>\n","protected":false},"excerpt":{"rendered":"<p>Moncofa continua sent un centre d&#8217;activitat durant l&#8217;estiu, despr\u00e9s de l&#8217;\u00e8xit de les festes de Sant Roc i amb la mirada posada en el MAC (Moncofa al Carrer). Una de les grans apostes culturals d&#8217;aquest&nbsp;estiu ser\u00e0 el Nature Fest, un esdeveniment que, segons la regidora de Festes,&nbsp;Mar\u00eda&nbsp;Teresa Alemany, &#8220;ha donat uns resultats molt satisfactoris en &#8230; <a title=\"Moncofa continua les activitats d&#8217;estiu amb el Nature Fest\" class=\"read-more\" href=\"https:\/\/elcafedepipa.com\/index.php\/2024\/08\/19\/moncofa-continua-les-activitats-destiu-amb-el-nature-fest\/\" aria-label=\"M\u00e9s informaci\u00f3 sobre Moncofa continua les activitats d&#8217;estiu amb el Nature Fest\">Read more<\/a><\/p>\n","protected":false},"author":2,"featured_media":4466,"comment_status":"closed","ping_status":"closed","sticky":false,"template":"","format":"standard","meta":{"om_disable_all_campaigns":false,"_monsterinsights_skip_tracking":false,"_monsterinsights_sitenote_active":false,"_monsterinsights_sitenote_note":"","_monsterinsights_sitenote_category":0,"_uf_show_specific_survey":0,"_uf_disable_surveys":false,"footnotes":""},"categories":[4],"tags":[],"class_list":["post-4465","post","type-post","status-publish","format-standard","has-post-thumbnail","hentry","category-moncofa"],"_links":{"self":[{"href":"https:\/\/elcafedepipa.com\/index.php\/wp-json\/wp\/v2\/posts\/4465","targetHints":{"allow":["GET"]}}],"collection":[{"href":"https:\/\/elcafedepipa.com\/index.php\/wp-json\/wp\/v2\/posts"}],"about":[{"href":"https:\/\/elcafedepipa.com\/index.php\/wp-json\/wp\/v2\/types\/post"}],"author":[{"embeddable":true,"href":"https:\/\/elcafedepipa.com\/index.php\/wp-json\/wp\/v2\/users\/2"}],"replies":[{"embeddable":true,"href":"https:\/\/elcafedepipa.com\/index.php\/wp-json\/wp\/v2\/comments?post=4465"}],"version-history":[{"count":0,"href":"https:\/\/elcafedepipa.com\/index.php\/wp-json\/wp\/v2\/posts\/4465\/revisions"}],"wp:featuredmedia":[{"embeddable":true,"href":"https:\/\/elcafedepipa.com\/index.php\/wp-json\/wp\/v2\/media\/4466"}],"wp:attachment":[{"href":"https:\/\/elcafedepipa.com\/index.php\/wp-json\/wp\/v2\/media?parent=4465"}],"wp:term":[{"taxonomy":"category","embeddable":true,"href":"https:\/\/elcafedepipa.com\/index.php\/wp-json\/wp\/v2\/categories?post=4465"},{"taxonomy":"post_tag","embeddable":true,"href":"https:\/\/elcafedepipa.com\/index.php\/wp-json\/wp\/v2\/tags?post=4465"}],"curies":[{"name":"wp","href":"https:\/\/api.w.org\/{rel}","templated":true}]}}