{"id":4457,"date":"2024-08-19T13:32:23","date_gmt":"2024-08-19T11:32:23","guid":{"rendered":"https:\/\/elcafedepipa.com\/?p=4457"},"modified":"2024-08-19T13:32:28","modified_gmt":"2024-08-19T11:32:28","slug":"podcast-agro-censa-18-tortugues-destany-i-9-tortugues-daigua-iberiques-a-traves-del-projecte-emys","status":"publish","type":"post","link":"https:\/\/elcafedepipa.com\/index.php\/2024\/08\/19\/podcast-agro-censa-18-tortugues-destany-i-9-tortugues-daigua-iberiques-a-traves-del-projecte-emys\/","title":{"rendered":"Podcast | Agr\u00f3 censa 18 tortugues d&#8217;estany i 9 tortugues d&#8217;aigua ib\u00e8riques a trav\u00e9s del Projecte Emys"},"content":{"rendered":"\n<p><strong>\u00c0UDIO | <\/strong>Amb Ram\u00f3n Royo, voluntari s\u00e9nior d&#8217;Acci\u00f3 Ecologista Agr\u00f3, coneixem m\u00e9s detalls del projecte Emys, a trav\u00e9s del qual s&#8217;han censat 18 tortugues d\u2019estany (Emys orbicularis) i 9 tortugues d\u2019aigua ib\u00e8riques (Mauremys leprosa) a la Marjal d&#8217;Almenara. Tamb\u00e9 ens parla dels peixos que van apar\u00e9ixer morts la setmana passada a la Marjal de La Llosa.<\/p>\n\n\n\n<figure class=\"wp-block-audio\"><audio controls src=\"https:\/\/elcafedepipa.com\/wp-content\/uploads\/2024\/08\/ramonroyo.mp3\"><\/audio><\/figure>\n","protected":false},"excerpt":{"rendered":"<p>\u00c0UDIO | Amb Ram\u00f3n Royo, voluntari s\u00e9nior d&#8217;Acci\u00f3 Ecologista Agr\u00f3, coneixem m\u00e9s detalls del projecte Emys, a trav\u00e9s del qual s&#8217;han censat 18 tortugues d\u2019estany (Emys orbicularis) i 9 tortugues d\u2019aigua ib\u00e8riques (Mauremys leprosa) a la Marjal d&#8217;Almenara. Tamb\u00e9 ens parla dels peixos que van apar\u00e9ixer morts la setmana passada a la Marjal de La &#8230; <a title=\"Podcast | Agr\u00f3 censa 18 tortugues d&#8217;estany i 9 tortugues d&#8217;aigua ib\u00e8riques a trav\u00e9s del Projecte Emys\" class=\"read-more\" href=\"https:\/\/elcafedepipa.com\/index.php\/2024\/08\/19\/podcast-agro-censa-18-tortugues-destany-i-9-tortugues-daigua-iberiques-a-traves-del-projecte-emys\/\" aria-label=\"M\u00e9s informaci\u00f3 sobre Podcast | Agr\u00f3 censa 18 tortugues d&#8217;estany i 9 tortugues d&#8217;aigua ib\u00e8riques a trav\u00e9s del Projecte Emys\">Read more<\/a><\/p>\n","protected":false},"author":2,"featured_media":4459,"comment_status":"closed","ping_status":"closed","sticky":false,"template":"","format":"standard","meta":{"om_disable_all_campaigns":false,"_monsterinsights_skip_tracking":false,"_monsterinsights_sitenote_active":false,"_monsterinsights_sitenote_note":"","_monsterinsights_sitenote_category":0,"_uf_show_specific_survey":0,"_uf_disable_surveys":false,"footnotes":""},"categories":[5],"tags":[],"class_list":["post-4457","post","type-post","status-publish","format-standard","has-post-thumbnail","hentry","category-almenara"],"_links":{"self":[{"href":"https:\/\/elcafedepipa.com\/index.php\/wp-json\/wp\/v2\/posts\/4457","targetHints":{"allow":["GET"]}}],"collection":[{"href":"https:\/\/elcafedepipa.com\/index.php\/wp-json\/wp\/v2\/posts"}],"about":[{"href":"https:\/\/elcafedepipa.com\/index.php\/wp-json\/wp\/v2\/types\/post"}],"author":[{"embeddable":true,"href":"https:\/\/elcafedepipa.com\/index.php\/wp-json\/wp\/v2\/users\/2"}],"replies":[{"embeddable":true,"href":"https:\/\/elcafedepipa.com\/index.php\/wp-json\/wp\/v2\/comments?post=4457"}],"version-history":[{"count":0,"href":"https:\/\/elcafedepipa.com\/index.php\/wp-json\/wp\/v2\/posts\/4457\/revisions"}],"wp:featuredmedia":[{"embeddable":true,"href":"https:\/\/elcafedepipa.com\/index.php\/wp-json\/wp\/v2\/media\/4459"}],"wp:attachment":[{"href":"https:\/\/elcafedepipa.com\/index.php\/wp-json\/wp\/v2\/media?parent=4457"}],"wp:term":[{"taxonomy":"category","embeddable":true,"href":"https:\/\/elcafedepipa.com\/index.php\/wp-json\/wp\/v2\/categories?post=4457"},{"taxonomy":"post_tag","embeddable":true,"href":"https:\/\/elcafedepipa.com\/index.php\/wp-json\/wp\/v2\/tags?post=4457"}],"curies":[{"name":"wp","href":"https:\/\/api.w.org\/{rel}","templated":true}]}}