{"id":4418,"date":"2024-08-17T12:05:00","date_gmt":"2024-08-17T10:05:00","guid":{"rendered":"https:\/\/elcafedepipa.com\/?p=4418"},"modified":"2024-08-16T11:49:50","modified_gmt":"2024-08-16T09:49:50","slug":"almenara-tanca-les-festes-destiu-amb-musica-i-cultura","status":"publish","type":"post","link":"https:\/\/elcafedepipa.com\/index.php\/2024\/08\/17\/almenara-tanca-les-festes-destiu-amb-musica-i-cultura\/","title":{"rendered":"Almenara tanca les Festes d&#8217;Estiu amb m\u00fasica i cultura"},"content":{"rendered":"\n<p>Hui la Platja Casablanca d&#8217;Almenara&nbsp;acollir\u00e0 una jornada plena d&#8217;activitats en el marc de les Festes d&#8217;Estiu. Els actes comen\u00e7aran a les 14:00 hores amb les&nbsp;Prefestes, un esdeveniment musical que&nbsp;comptar\u00e0 amb&nbsp;les actuacions dels DJ Royo, DJ Kilian Mart\u00ednez i DJ&nbsp;Djouza, organitzat pels Quintos 2024.<\/p>\n\n\n\n<p>A la vesprada, a les 20:30 hores, hi haur\u00e0 una visita nocturna al Conjunt Memorial de Darrere del Castell, per a la qual es necessiten inscripcions pr\u00e8vies.<\/p>\n\n\n\n<p>Finalment, a les 22:00 hores, el Parc Municipal ser\u00e0 l&#8217;escenari de l&#8217;espectacle &#8220;Xixo&nbsp;Xixero&#8221; amb la participaci\u00f3 de la Colla Garramatxa, seguit de la representaci\u00f3 teatral&nbsp;Alicia&nbsp;en el Pa\u00eds de&nbsp;las&nbsp;Maravillas&nbsp;a c\u00e0rrec de La&nbsp;Tourn\u00e9&nbsp;Teatro.<\/p>\n\n\n\n<p>Les activitats estan acompanyades per jocs infantils i food trucks des de les 19:00 hores al carrer Costa del Sol.<\/p>\n","protected":false},"excerpt":{"rendered":"<p>Hui la Platja Casablanca d&#8217;Almenara&nbsp;acollir\u00e0 una jornada plena d&#8217;activitats en el marc de les Festes d&#8217;Estiu. Els actes comen\u00e7aran a les 14:00 hores amb les&nbsp;Prefestes, un esdeveniment musical que&nbsp;comptar\u00e0 amb&nbsp;les actuacions dels DJ Royo, DJ Kilian Mart\u00ednez i DJ&nbsp;Djouza, organitzat pels Quintos 2024. A la vesprada, a les 20:30 hores, hi haur\u00e0 una visita nocturna &#8230; <a title=\"Almenara tanca les Festes d&#8217;Estiu amb m\u00fasica i cultura\" class=\"read-more\" href=\"https:\/\/elcafedepipa.com\/index.php\/2024\/08\/17\/almenara-tanca-les-festes-destiu-amb-musica-i-cultura\/\" aria-label=\"M\u00e9s informaci\u00f3 sobre Almenara tanca les Festes d&#8217;Estiu amb m\u00fasica i cultura\">Read more<\/a><\/p>\n","protected":false},"author":2,"featured_media":4420,"comment_status":"closed","ping_status":"closed","sticky":false,"template":"","format":"standard","meta":{"om_disable_all_campaigns":false,"_monsterinsights_skip_tracking":false,"_monsterinsights_sitenote_active":false,"_monsterinsights_sitenote_note":"","_monsterinsights_sitenote_category":0,"_uf_show_specific_survey":0,"_uf_disable_surveys":false,"footnotes":""},"categories":[5],"tags":[],"class_list":["post-4418","post","type-post","status-publish","format-standard","has-post-thumbnail","hentry","category-almenara"],"_links":{"self":[{"href":"https:\/\/elcafedepipa.com\/index.php\/wp-json\/wp\/v2\/posts\/4418","targetHints":{"allow":["GET"]}}],"collection":[{"href":"https:\/\/elcafedepipa.com\/index.php\/wp-json\/wp\/v2\/posts"}],"about":[{"href":"https:\/\/elcafedepipa.com\/index.php\/wp-json\/wp\/v2\/types\/post"}],"author":[{"embeddable":true,"href":"https:\/\/elcafedepipa.com\/index.php\/wp-json\/wp\/v2\/users\/2"}],"replies":[{"embeddable":true,"href":"https:\/\/elcafedepipa.com\/index.php\/wp-json\/wp\/v2\/comments?post=4418"}],"version-history":[{"count":0,"href":"https:\/\/elcafedepipa.com\/index.php\/wp-json\/wp\/v2\/posts\/4418\/revisions"}],"wp:featuredmedia":[{"embeddable":true,"href":"https:\/\/elcafedepipa.com\/index.php\/wp-json\/wp\/v2\/media\/4420"}],"wp:attachment":[{"href":"https:\/\/elcafedepipa.com\/index.php\/wp-json\/wp\/v2\/media?parent=4418"}],"wp:term":[{"taxonomy":"category","embeddable":true,"href":"https:\/\/elcafedepipa.com\/index.php\/wp-json\/wp\/v2\/categories?post=4418"},{"taxonomy":"post_tag","embeddable":true,"href":"https:\/\/elcafedepipa.com\/index.php\/wp-json\/wp\/v2\/tags?post=4418"}],"curies":[{"name":"wp","href":"https:\/\/api.w.org\/{rel}","templated":true}]}}