{"id":4413,"date":"2024-08-18T09:30:00","date_gmt":"2024-08-18T07:30:00","guid":{"rendered":"https:\/\/elcafedepipa.com\/?p=4413"},"modified":"2024-08-16T11:44:48","modified_gmt":"2024-08-16T09:44:48","slug":"carlos-mazon-destaca-que-la-comunitat-valenciana-ha-captat-7-725-milions-deuros-en-inversions-i-creat-9-200-llocs-de-treball-en-un-any","status":"publish","type":"post","link":"https:\/\/elcafedepipa.com\/index.php\/2024\/08\/18\/carlos-mazon-destaca-que-la-comunitat-valenciana-ha-captat-7-725-milions-deuros-en-inversions-i-creat-9-200-llocs-de-treball-en-un-any\/","title":{"rendered":"Carlos Maz\u00f3n destaca que la Comunitat Valenciana ha captat 7.725 milions d&#8217;euros en inversions i creat 9.200 llocs de treball en un any"},"content":{"rendered":"\n<p><strong>Avan\u00e7a que en els pr\u00f2xims mesos \u201ces materialitzaran nous projectes inversors\u201d i destaca \u201cl&#8217;impuls del nostre territori com una terra oberta, acollidora, sense prejudicis i plena d&#8217;oportunitats\u201d<br><\/strong><\/p>\n\n\n\n<p>El president de la Generalitat, Carlos Maz\u00f3n, ha ressaltat que la Comunitat Valenciana ha aconseguit atraure inversions per valor de 7.725 milions d&#8217;euros durant l&#8217;\u00faltim any, generant 9.200 llocs de treball. Maz\u00f3n ha subratllat que&nbsp;aquestes&nbsp;inversions consoliden una nova etapa de creixement econ\u00f2mic i situen la Comunitat com un territori obert a la inversi\u00f3 i ple d&#8217;oportunitats.<\/p>\n\n\n\n<p>Entre les inversions m\u00e9s destacades, es troben el cl\u00faster de producci\u00f3 d&#8217;hidrogen verd de BP, amb 2.000 milions d&#8217;euros i 5.000 llocs de treball, i el projecte d&#8217;amon\u00edac verd d&#8217;Ignis&nbsp;Energ\u00eda, amb una inversi\u00f3 de 1.425 milions d&#8217;euros i 1.200 llocs de treball. A m\u00e9s, ha esmentat la producci\u00f3 de trens-tram a&nbsp;Stadler, l&#8217;ampliaci\u00f3 de la planta d&#8217;Edwards&nbsp;Lifesciences&nbsp;a&nbsp;Moncada, i el projecte \u2018Activa Safor\u2019 d&#8217;ALE-HOP.<\/p>\n\n\n\n<p>Maz\u00f3n ha reafirmat el comprom\u00eds del Consell amb les empreses que aposten per la Comunitat, destacant mesures com la simplificaci\u00f3 administrativa i la col\u00b7laboraci\u00f3&nbsp;publicoprivada&nbsp;per a impulsar el desenvolupament econ\u00f2mic i millorar els serveis p\u00fablics.<\/p>\n","protected":false},"excerpt":{"rendered":"<p>Avan\u00e7a que en els pr\u00f2xims mesos \u201ces materialitzaran nous projectes inversors\u201d i destaca \u201cl&#8217;impuls del nostre territori com una terra oberta, acollidora, sense prejudicis i plena d&#8217;oportunitats\u201d El president de la Generalitat, Carlos Maz\u00f3n, ha ressaltat que la Comunitat Valenciana ha aconseguit atraure inversions per valor de 7.725 milions d&#8217;euros durant l&#8217;\u00faltim any, generant 9.200 &#8230; <a title=\"Carlos Maz\u00f3n destaca que la Comunitat Valenciana ha captat 7.725 milions d&#8217;euros en inversions i creat 9.200 llocs de treball en un any\" class=\"read-more\" href=\"https:\/\/elcafedepipa.com\/index.php\/2024\/08\/18\/carlos-mazon-destaca-que-la-comunitat-valenciana-ha-captat-7-725-milions-deuros-en-inversions-i-creat-9-200-llocs-de-treball-en-un-any\/\" aria-label=\"M\u00e9s informaci\u00f3 sobre Carlos Maz\u00f3n destaca que la Comunitat Valenciana ha captat 7.725 milions d&#8217;euros en inversions i creat 9.200 llocs de treball en un any\">Read more<\/a><\/p>\n","protected":false},"author":2,"featured_media":4415,"comment_status":"closed","ping_status":"closed","sticky":false,"template":"","format":"standard","meta":{"om_disable_all_campaigns":false,"_monsterinsights_skip_tracking":false,"_monsterinsights_sitenote_active":false,"_monsterinsights_sitenote_note":"","_monsterinsights_sitenote_category":0,"_uf_show_specific_survey":0,"_uf_disable_surveys":false,"footnotes":""},"categories":[11],"tags":[],"class_list":["post-4413","post","type-post","status-publish","format-standard","has-post-thumbnail","hentry","category-comunitatvalenciana"],"_links":{"self":[{"href":"https:\/\/elcafedepipa.com\/index.php\/wp-json\/wp\/v2\/posts\/4413","targetHints":{"allow":["GET"]}}],"collection":[{"href":"https:\/\/elcafedepipa.com\/index.php\/wp-json\/wp\/v2\/posts"}],"about":[{"href":"https:\/\/elcafedepipa.com\/index.php\/wp-json\/wp\/v2\/types\/post"}],"author":[{"embeddable":true,"href":"https:\/\/elcafedepipa.com\/index.php\/wp-json\/wp\/v2\/users\/2"}],"replies":[{"embeddable":true,"href":"https:\/\/elcafedepipa.com\/index.php\/wp-json\/wp\/v2\/comments?post=4413"}],"version-history":[{"count":0,"href":"https:\/\/elcafedepipa.com\/index.php\/wp-json\/wp\/v2\/posts\/4413\/revisions"}],"wp:featuredmedia":[{"embeddable":true,"href":"https:\/\/elcafedepipa.com\/index.php\/wp-json\/wp\/v2\/media\/4415"}],"wp:attachment":[{"href":"https:\/\/elcafedepipa.com\/index.php\/wp-json\/wp\/v2\/media?parent=4413"}],"wp:term":[{"taxonomy":"category","embeddable":true,"href":"https:\/\/elcafedepipa.com\/index.php\/wp-json\/wp\/v2\/categories?post=4413"},{"taxonomy":"post_tag","embeddable":true,"href":"https:\/\/elcafedepipa.com\/index.php\/wp-json\/wp\/v2\/tags?post=4413"}],"curies":[{"name":"wp","href":"https:\/\/api.w.org\/{rel}","templated":true}]}}