{"id":4399,"date":"2024-08-17T09:33:49","date_gmt":"2024-08-17T07:33:49","guid":{"rendered":"https:\/\/elcafedepipa.com\/?p=4399"},"modified":"2024-08-16T09:35:10","modified_gmt":"2024-08-16T07:35:10","slug":"la-llosa-destina-una-ajuda-de-la-generalitat-valenciana-de-31-173-euros-a-la-millora-del-centre-medic","status":"publish","type":"post","link":"https:\/\/elcafedepipa.com\/index.php\/2024\/08\/17\/la-llosa-destina-una-ajuda-de-la-generalitat-valenciana-de-31-173-euros-a-la-millora-del-centre-medic\/","title":{"rendered":"La Llosa destina una ajuda de la Generalitat Valenciana de 31.173 euros a la millora del Centre M\u00e8dic"},"content":{"rendered":"\n<p>L&#8217;Ajuntament de&nbsp;La&nbsp;Llosa ha rebut una subvenci\u00f3 de 31.173 euros de la Generalitat Valenciana per a dur a terme millores i renovacions al Centre M\u00e8dic de la localitat.&nbsp;Aquesta&nbsp;intervenci\u00f3, que complementa les accions realitzades en anys anteriors per a millorar l&#8217;efici\u00e8ncia energ\u00e8tica de l&#8217;edifici, inclou la modificaci\u00f3 de les consultes per a optimitzar l&#8217;atenci\u00f3 sanit\u00e0ria i la substituci\u00f3 del s\u00f2l a la zona d&#8217;entrada.<\/p>\n\n\n\n<p>L&#8217;alcalde de&nbsp;La&nbsp;Llosa, Ximo Llopis, ha expressat el seu agra\u00efment al president de la Generalitat, Carlos Maz\u00f3n, per&nbsp;aquesta&nbsp;ajuda, destacant que permetr\u00e0 finalitzar les millores al Centre M\u00e8dic i oferir la millor atenci\u00f3 sanit\u00e0ria possible als ve\u00efns i ve\u00efnes del municipi.<\/p>\n\n\n\n<p><\/p>\n","protected":false},"excerpt":{"rendered":"<p>L&#8217;Ajuntament de&nbsp;La&nbsp;Llosa ha rebut una subvenci\u00f3 de 31.173 euros de la Generalitat Valenciana per a dur a terme millores i renovacions al Centre M\u00e8dic de la localitat.&nbsp;Aquesta&nbsp;intervenci\u00f3, que complementa les accions realitzades en anys anteriors per a millorar l&#8217;efici\u00e8ncia energ\u00e8tica de l&#8217;edifici, inclou la modificaci\u00f3 de les consultes per a optimitzar l&#8217;atenci\u00f3 sanit\u00e0ria i la &#8230; <a title=\"La Llosa destina una ajuda de la Generalitat Valenciana de 31.173 euros a la millora del Centre M\u00e8dic\" class=\"read-more\" href=\"https:\/\/elcafedepipa.com\/index.php\/2024\/08\/17\/la-llosa-destina-una-ajuda-de-la-generalitat-valenciana-de-31-173-euros-a-la-millora-del-centre-medic\/\" aria-label=\"M\u00e9s informaci\u00f3 sobre La Llosa destina una ajuda de la Generalitat Valenciana de 31.173 euros a la millora del Centre M\u00e8dic\">Read more<\/a><\/p>\n","protected":false},"author":2,"featured_media":4401,"comment_status":"closed","ping_status":"closed","sticky":false,"template":"","format":"standard","meta":{"om_disable_all_campaigns":false,"_monsterinsights_skip_tracking":false,"_monsterinsights_sitenote_active":false,"_monsterinsights_sitenote_note":"","_monsterinsights_sitenote_category":0,"_uf_show_specific_survey":0,"_uf_disable_surveys":false,"footnotes":""},"categories":[8],"tags":[],"class_list":["post-4399","post","type-post","status-publish","format-standard","has-post-thumbnail","hentry","category-lallosa"],"_links":{"self":[{"href":"https:\/\/elcafedepipa.com\/index.php\/wp-json\/wp\/v2\/posts\/4399","targetHints":{"allow":["GET"]}}],"collection":[{"href":"https:\/\/elcafedepipa.com\/index.php\/wp-json\/wp\/v2\/posts"}],"about":[{"href":"https:\/\/elcafedepipa.com\/index.php\/wp-json\/wp\/v2\/types\/post"}],"author":[{"embeddable":true,"href":"https:\/\/elcafedepipa.com\/index.php\/wp-json\/wp\/v2\/users\/2"}],"replies":[{"embeddable":true,"href":"https:\/\/elcafedepipa.com\/index.php\/wp-json\/wp\/v2\/comments?post=4399"}],"version-history":[{"count":0,"href":"https:\/\/elcafedepipa.com\/index.php\/wp-json\/wp\/v2\/posts\/4399\/revisions"}],"wp:featuredmedia":[{"embeddable":true,"href":"https:\/\/elcafedepipa.com\/index.php\/wp-json\/wp\/v2\/media\/4401"}],"wp:attachment":[{"href":"https:\/\/elcafedepipa.com\/index.php\/wp-json\/wp\/v2\/media?parent=4399"}],"wp:term":[{"taxonomy":"category","embeddable":true,"href":"https:\/\/elcafedepipa.com\/index.php\/wp-json\/wp\/v2\/categories?post=4399"},{"taxonomy":"post_tag","embeddable":true,"href":"https:\/\/elcafedepipa.com\/index.php\/wp-json\/wp\/v2\/tags?post=4399"}],"curies":[{"name":"wp","href":"https:\/\/api.w.org\/{rel}","templated":true}]}}