{"id":4387,"date":"2024-08-16T08:55:18","date_gmt":"2024-08-16T06:55:18","guid":{"rendered":"https:\/\/elcafedepipa.com\/?p=4387"},"modified":"2024-08-16T08:55:22","modified_gmt":"2024-08-16T06:55:22","slug":"la-diputacio-de-castello-promou-la-tradicio-pirotecnica-amb-un-cicle-despectacles-per-tota-la-provincia","status":"publish","type":"post","link":"https:\/\/elcafedepipa.com\/index.php\/2024\/08\/16\/la-diputacio-de-castello-promou-la-tradicio-pirotecnica-amb-un-cicle-despectacles-per-tota-la-provincia\/","title":{"rendered":"La Diputaci\u00f3 de Castell\u00f3 promou la tradici\u00f3 pirot\u00e8cnica amb un cicle d&#8217;espectacles per tota la prov\u00edncia"},"content":{"rendered":"\n<p><strong>El diputat provincial de Cultura, Alejandro Clausell, valora la programaci\u00f3 que va inaugurar Santa Magdalena de Pulpis, el passat 22 de juliol, i que continuar\u00e0 amb Morella i Cat\u00ed, el dia 18 d&#8217;agost, Segorbe, el 8 de setembre, i Onda, a l&#8217;octubre<\/strong><\/p>\n\n\n\n<p>La Diputaci\u00f3 Provincial de Castell\u00f3 ha impulsat&nbsp;aquest&nbsp;estiu la for\u00e7a de les empreses pirot\u00e8cniques de la prov\u00edncia amb un programa d&#8217;espectacles que recorrer\u00e0 tot el territori.<\/p>\n\n\n\n<p>Des de nord a sud, l&#8217;\u00e0rea de Cultura, dirigida per&nbsp;Alejandro&nbsp;Clausell, va iniciar el passat 22 de juliol la primera convocat\u00f2ria a&nbsp;Santa Magdalena de Pulpis. Amb la mestria de la pirot\u00e8cnia&nbsp;Tom\u00e1s, el p\u00fablic va gaudir d&#8217;un espectacle \u00fanic que continuar\u00e0&nbsp;aquesta&nbsp;setmana a la zona nord de la prov\u00edncia.<\/p>\n\n\n\n<p>El pr\u00f2xim diumenge&nbsp;18 d&#8217;agost a les 14.30 hores, Morella, en el marc del seu espectacular 55 Sexenni, i Cat\u00ed seran escenaris d&#8217;aquests&nbsp;espectacles pirot\u00e8cnics. A Morella, la firma Germans&nbsp;Caballer&nbsp;Pirot\u00e9cnicos&nbsp;ser\u00e0 l&#8217;encarregada de llan\u00e7ar, mentre que a Cat\u00ed l&#8217;exhibici\u00f3 anir\u00e0 a c\u00e0rrec de Pirot\u00e8cnia Mart\u00ed.<\/p>\n\n\n\n<p>La programaci\u00f3 organitzada pel departament de Cultura de la Diputaci\u00f3 Provincial de Castell\u00f3 continuar\u00e0 al setembre a&nbsp;Segorbe, amb una exhibici\u00f3 prevista per al 8 de setembre a les 13.30 hores a c\u00e0rrec de la Pirot\u00e8cnia&nbsp;Pe\u00f1arroja.<\/p>\n\n\n\n<p>Finalment, el cicle es tancar\u00e0 a Onda a l&#8217;octubre. \u201cEstem ultimant els detalls per a anunciar la data i hora, per\u00f2 estem conven\u00e7uts que tamb\u00e9 ser\u00e0 un \u00e8xit al qual convidem a tota la prov\u00edncia\u201d, ha declarat&nbsp;Clausell.<\/p>\n\n\n\n<p>El diputat provincial de Cultura ha destacat l&#8217;esfor\u00e7 i el comprom\u00eds amb la innovaci\u00f3 i l&#8217;avantguarda d&#8217;aquestes&nbsp;empreses, la tasca de les quals \u201cno deixa a ning\u00fa indiferent\u201d. \u201cDonar suport i apostar pel seu treball, com fem des de la Diputaci\u00f3 de Castell\u00f3 amb 5.000 euros destinats a cada espectacle, \u00e9s una inversi\u00f3 directa en l&#8217;\u00e8xit de la prov\u00edncia.&nbsp;Aquestes&nbsp;exhibicions no sols formen part de la nostra tradici\u00f3 i festa, sin\u00f3 que tamb\u00e9 s\u00f3n un motor econ\u00f2mic que dona feina a centenars de ve\u00efns de Castell\u00f3. Un element m\u00e9s que dinamitza i genera riquesa a la nostra prov\u00edncia\u201d, ha concl\u00f2s&nbsp;Clausell.<\/p>\n","protected":false},"excerpt":{"rendered":"<p>El diputat provincial de Cultura, Alejandro Clausell, valora la programaci\u00f3 que va inaugurar Santa Magdalena de Pulpis, el passat 22 de juliol, i que continuar\u00e0 amb Morella i Cat\u00ed, el dia 18 d&#8217;agost, Segorbe, el 8 de setembre, i Onda, a l&#8217;octubre La Diputaci\u00f3 Provincial de Castell\u00f3 ha impulsat&nbsp;aquest&nbsp;estiu la for\u00e7a de les empreses pirot\u00e8cniques &#8230; <a title=\"La Diputaci\u00f3 de Castell\u00f3 promou la tradici\u00f3 pirot\u00e8cnica amb un cicle d&#8217;espectacles per tota la prov\u00edncia\" class=\"read-more\" href=\"https:\/\/elcafedepipa.com\/index.php\/2024\/08\/16\/la-diputacio-de-castello-promou-la-tradicio-pirotecnica-amb-un-cicle-despectacles-per-tota-la-provincia\/\" aria-label=\"M\u00e9s informaci\u00f3 sobre La Diputaci\u00f3 de Castell\u00f3 promou la tradici\u00f3 pirot\u00e8cnica amb un cicle d&#8217;espectacles per tota la prov\u00edncia\">Read more<\/a><\/p>\n","protected":false},"author":2,"featured_media":4388,"comment_status":"closed","ping_status":"closed","sticky":false,"template":"","format":"standard","meta":{"om_disable_all_campaigns":false,"_monsterinsights_skip_tracking":false,"_monsterinsights_sitenote_active":false,"_monsterinsights_sitenote_note":"","_monsterinsights_sitenote_category":0,"_uf_show_specific_survey":0,"_uf_disable_surveys":false,"footnotes":""},"categories":[10],"tags":[],"class_list":["post-4387","post","type-post","status-publish","format-standard","has-post-thumbnail","hentry","category-provinciadecastello"],"_links":{"self":[{"href":"https:\/\/elcafedepipa.com\/index.php\/wp-json\/wp\/v2\/posts\/4387","targetHints":{"allow":["GET"]}}],"collection":[{"href":"https:\/\/elcafedepipa.com\/index.php\/wp-json\/wp\/v2\/posts"}],"about":[{"href":"https:\/\/elcafedepipa.com\/index.php\/wp-json\/wp\/v2\/types\/post"}],"author":[{"embeddable":true,"href":"https:\/\/elcafedepipa.com\/index.php\/wp-json\/wp\/v2\/users\/2"}],"replies":[{"embeddable":true,"href":"https:\/\/elcafedepipa.com\/index.php\/wp-json\/wp\/v2\/comments?post=4387"}],"version-history":[{"count":0,"href":"https:\/\/elcafedepipa.com\/index.php\/wp-json\/wp\/v2\/posts\/4387\/revisions"}],"wp:featuredmedia":[{"embeddable":true,"href":"https:\/\/elcafedepipa.com\/index.php\/wp-json\/wp\/v2\/media\/4388"}],"wp:attachment":[{"href":"https:\/\/elcafedepipa.com\/index.php\/wp-json\/wp\/v2\/media?parent=4387"}],"wp:term":[{"taxonomy":"category","embeddable":true,"href":"https:\/\/elcafedepipa.com\/index.php\/wp-json\/wp\/v2\/categories?post=4387"},{"taxonomy":"post_tag","embeddable":true,"href":"https:\/\/elcafedepipa.com\/index.php\/wp-json\/wp\/v2\/tags?post=4387"}],"curies":[{"name":"wp","href":"https:\/\/api.w.org\/{rel}","templated":true}]}}