{"id":4371,"date":"2024-08-14T13:42:35","date_gmt":"2024-08-14T11:42:35","guid":{"rendered":"https:\/\/elcafedepipa.com\/?p=4371"},"modified":"2024-08-14T13:42:37","modified_gmt":"2024-08-14T11:42:37","slug":"el-pp-de-la-vall-duixo-destaca-la-gestio-hidrica-del-consell-amb-larribada-de-les-primeres-cubes-daigua-a-les-ramaderies-locals","status":"publish","type":"post","link":"https:\/\/elcafedepipa.com\/index.php\/2024\/08\/14\/el-pp-de-la-vall-duixo-destaca-la-gestio-hidrica-del-consell-amb-larribada-de-les-primeres-cubes-daigua-a-les-ramaderies-locals\/","title":{"rendered":"El PP de la Vall d&#8217;Uix\u00f3 destaca la gesti\u00f3 h\u00eddrica del Consell amb l&#8217;arribada de les primeres\u00a0cubes d&#8217;aigua\u00a0a les ramaderies\u00a0locals"},"content":{"rendered":"\n<p><strong>El portaveu del PP a la Vall d&#8217;Uix\u00f3,\u00a0Herminio\u00a0Serra, reconeix la import\u00e0ncia de l&#8217;aigua per a les\u00a0dos\u00a0ramaderies beneficiades pel pla de\u00a0cubes\u00a0d&#8217;Agricultura. \u201c\u00c9s fonamental garantir l&#8217;aigua en moments de sequera\u201d, declara Serra<\/strong><\/p>\n\n\n\n<p>El portaveu del Partit Popular a la Vall d&#8217;Uix\u00f3,&nbsp;Herminio&nbsp;Serra, ha&nbsp;posat en valor&nbsp;&#8220;la pol\u00edtica que&nbsp;complix&nbsp;amb la nostra localitat&#8221; despr\u00e9s de l&#8217;arribada de les primeres&nbsp;cubes&nbsp;d&#8217;aigua potable a dues ramaderies del municipi. Serra ha reconegut l&#8217;esfor\u00e7 que fan&nbsp;aquestes&nbsp;explotacions enfront de les dificultats provocades per l&#8217;excepcional sequera que afecta la zona.<\/p>\n\n\n\n<p>El Consell, a trav\u00e9s de la Conselleria d&#8217;Agricultura liderada per&nbsp;Miguel&nbsp;Barrachina, ha actuat amb mesures extraordin\u00e0ries per a pal\u00b7liar&nbsp;aquesta&nbsp;situaci\u00f3. Fa poc m\u00e9s de tres setmanes,&nbsp;Barrachina&nbsp;anunciava un pla d&#8217;inversions h\u00eddriques dotat amb 1,4 milions d&#8217;euros per a garantir el subministrament d&#8217;aigua a les ramaderies de tota la Comunitat Valenciana.<\/p>\n\n\n\n<p>&#8220;Ja han arribat 24.000 litres d&#8217;aigua a la Vall d&#8217;Uix\u00f3, fonamentals per a la hidrataci\u00f3 del bestiar i la viabilitat d&#8217;aquestes&nbsp;explotacions&#8221;, ha explicat Serra, qui ha agra\u00eft l&#8217;esfor\u00e7 dels professionals al capdavant d&#8217;aquestes&nbsp;ramaderies. A m\u00e9s, ha destacat el comprom\u00eds del nou Consell, liderat per Carlos Maz\u00f3n, per assegurar l&#8217;activitat econ\u00f2mica i garantir l&#8217;ocupaci\u00f3 i la riquesa que&nbsp;aquestes&nbsp;ramaderies aporten al municipi.<\/p>\n","protected":false},"excerpt":{"rendered":"<p>El portaveu del PP a la Vall d&#8217;Uix\u00f3,\u00a0Herminio\u00a0Serra, reconeix la import\u00e0ncia de l&#8217;aigua per a les\u00a0dos\u00a0ramaderies beneficiades pel pla de\u00a0cubes\u00a0d&#8217;Agricultura. \u201c\u00c9s fonamental garantir l&#8217;aigua en moments de sequera\u201d, declara Serra El portaveu del Partit Popular a la Vall d&#8217;Uix\u00f3,&nbsp;Herminio&nbsp;Serra, ha&nbsp;posat en valor&nbsp;&#8220;la pol\u00edtica que&nbsp;complix&nbsp;amb la nostra localitat&#8221; despr\u00e9s de l&#8217;arribada de les primeres&nbsp;cubes&nbsp;d&#8217;aigua potable a &#8230; <a title=\"El PP de la Vall d&#8217;Uix\u00f3 destaca la gesti\u00f3 h\u00eddrica del Consell amb l&#8217;arribada de les primeres\u00a0cubes d&#8217;aigua\u00a0a les ramaderies\u00a0locals\" class=\"read-more\" href=\"https:\/\/elcafedepipa.com\/index.php\/2024\/08\/14\/el-pp-de-la-vall-duixo-destaca-la-gestio-hidrica-del-consell-amb-larribada-de-les-primeres-cubes-daigua-a-les-ramaderies-locals\/\" aria-label=\"M\u00e9s informaci\u00f3 sobre El PP de la Vall d&#8217;Uix\u00f3 destaca la gesti\u00f3 h\u00eddrica del Consell amb l&#8217;arribada de les primeres\u00a0cubes d&#8217;aigua\u00a0a les ramaderies\u00a0locals\">Read more<\/a><\/p>\n","protected":false},"author":2,"featured_media":4372,"comment_status":"closed","ping_status":"closed","sticky":false,"template":"","format":"standard","meta":{"om_disable_all_campaigns":false,"_monsterinsights_skip_tracking":false,"_monsterinsights_sitenote_active":false,"_monsterinsights_sitenote_note":"","_monsterinsights_sitenote_category":0,"_uf_show_specific_survey":0,"_uf_disable_surveys":false,"footnotes":""},"categories":[2],"tags":[],"class_list":["post-4371","post","type-post","status-publish","format-standard","has-post-thumbnail","hentry","category-lavallduixo"],"_links":{"self":[{"href":"https:\/\/elcafedepipa.com\/index.php\/wp-json\/wp\/v2\/posts\/4371","targetHints":{"allow":["GET"]}}],"collection":[{"href":"https:\/\/elcafedepipa.com\/index.php\/wp-json\/wp\/v2\/posts"}],"about":[{"href":"https:\/\/elcafedepipa.com\/index.php\/wp-json\/wp\/v2\/types\/post"}],"author":[{"embeddable":true,"href":"https:\/\/elcafedepipa.com\/index.php\/wp-json\/wp\/v2\/users\/2"}],"replies":[{"embeddable":true,"href":"https:\/\/elcafedepipa.com\/index.php\/wp-json\/wp\/v2\/comments?post=4371"}],"version-history":[{"count":0,"href":"https:\/\/elcafedepipa.com\/index.php\/wp-json\/wp\/v2\/posts\/4371\/revisions"}],"wp:featuredmedia":[{"embeddable":true,"href":"https:\/\/elcafedepipa.com\/index.php\/wp-json\/wp\/v2\/media\/4372"}],"wp:attachment":[{"href":"https:\/\/elcafedepipa.com\/index.php\/wp-json\/wp\/v2\/media?parent=4371"}],"wp:term":[{"taxonomy":"category","embeddable":true,"href":"https:\/\/elcafedepipa.com\/index.php\/wp-json\/wp\/v2\/categories?post=4371"},{"taxonomy":"post_tag","embeddable":true,"href":"https:\/\/elcafedepipa.com\/index.php\/wp-json\/wp\/v2\/tags?post=4371"}],"curies":[{"name":"wp","href":"https:\/\/api.w.org\/{rel}","templated":true}]}}