{"id":4355,"date":"2024-08-14T12:10:51","date_gmt":"2024-08-14T10:10:51","guid":{"rendered":"https:\/\/elcafedepipa.com\/?p=4355"},"modified":"2024-08-14T12:10:53","modified_gmt":"2024-08-14T10:10:53","slug":"el-pro-weekend-fest-celebra-la-seua-desena-edicio-amb-34-bandes-i-solistes-de-tot-el-mon-a-castello-de-la-plana","status":"publish","type":"post","link":"https:\/\/elcafedepipa.com\/index.php\/2024\/08\/14\/el-pro-weekend-fest-celebra-la-seua-desena-edicio-amb-34-bandes-i-solistes-de-tot-el-mon-a-castello-de-la-plana\/","title":{"rendered":"El Pro Weekend Fest celebra la seua desena edici\u00f3 amb 34 bandes i solistes de tot el m\u00f3n a Castell\u00f3 de la Plana"},"content":{"rendered":"\n<p>El Pro&nbsp;Weekend&nbsp;Fest, el festival internacional&nbsp;Showcase&nbsp;&amp;&nbsp;Conference&nbsp;pioner a la Comunitat Valenciana, celebra la seua desena edici\u00f3 del 16 al 19 d&#8217;octubre a Castell\u00f3 de la Plana.&nbsp;Aquest&nbsp;esdeveniment, que s&#8217;ha convertit en un referent en el sector musical,&nbsp;comptar\u00e0 amb&nbsp;les actuacions de 34 bandes i solistes locals, nacionals i internacionals.<\/p>\n\n\n\n<p>El cartell d&#8217;enguany inclou grups emergents d&#8217;arreu del m\u00f3n, com&nbsp;C\u2019est&nbsp;Karma (Luxemburg),&nbsp;Chubby&nbsp;Cat (Irlanda),&nbsp;Creeping&nbsp;Jean (Regne Unit),&nbsp;Dictator&nbsp;(Esc\u00f2cia), i molts m\u00e9s. A m\u00e9s, el festival tamb\u00e9 posar\u00e0 l&#8217;accent en els talents locals amb el&nbsp;CS&nbsp;Talent, que donar\u00e0 veu a formacions de Castell\u00f3 seleccionades per professionals del sector, com Back To The Hills, J\u00fanior&nbsp;Mackenzie, i&nbsp;Nadia&nbsp;Sheikh.<\/p>\n\n\n\n<p>Durant el Pro&nbsp;Weekend&nbsp;Fest, tamb\u00e9 es desenvolupar\u00e0 un Campus formatiu on les bandes castellonenques&nbsp;L\u00ednea&nbsp;Maginot,&nbsp;Trofeo&nbsp;i Woody&nbsp;Harbour&nbsp;tindran l&#8217;oportunitat de rebre formaci\u00f3 de professionals de la ind\u00fastria musical.<\/p>\n\n\n\n<p>Els abonaments per als quatre dies del festival estan disponibles per 40,20 euros, mentre que els abonaments per a delegats professionals tenen un cost de 60,20 euros,&nbsp;incloent-hi&nbsp;acc\u00e9s a confer\u00e8ncies,&nbsp;showcases&nbsp;i altres activitats complement\u00e0ries. Els abonaments es poden adquirir a trav\u00e9s de la web oficial del festival.<\/p>\n\n\n\n<p>La desena edici\u00f3 del Pro&nbsp;Weekend&nbsp;Fest compta amb el suport de diverses institucions,&nbsp;incloent-hi&nbsp;l&#8217;Ajuntament de Castell\u00f3, la Generalitat Valenciana,&nbsp;l&#8217;Institut&nbsp;Valenci\u00e0 de Cultura, i altres entitats culturals tant nacionals com internacionals.<\/p>\n","protected":false},"excerpt":{"rendered":"<p>El Pro&nbsp;Weekend&nbsp;Fest, el festival internacional&nbsp;Showcase&nbsp;&amp;&nbsp;Conference&nbsp;pioner a la Comunitat Valenciana, celebra la seua desena edici\u00f3 del 16 al 19 d&#8217;octubre a Castell\u00f3 de la Plana.&nbsp;Aquest&nbsp;esdeveniment, que s&#8217;ha convertit en un referent en el sector musical,&nbsp;comptar\u00e0 amb&nbsp;les actuacions de 34 bandes i solistes locals, nacionals i internacionals. El cartell d&#8217;enguany inclou grups emergents d&#8217;arreu del m\u00f3n, com&nbsp;C\u2019est&nbsp;Karma &#8230; <a title=\"El Pro Weekend Fest celebra la seua desena edici\u00f3 amb 34 bandes i solistes de tot el m\u00f3n a Castell\u00f3 de la Plana\" class=\"read-more\" href=\"https:\/\/elcafedepipa.com\/index.php\/2024\/08\/14\/el-pro-weekend-fest-celebra-la-seua-desena-edicio-amb-34-bandes-i-solistes-de-tot-el-mon-a-castello-de-la-plana\/\" aria-label=\"M\u00e9s informaci\u00f3 sobre El Pro Weekend Fest celebra la seua desena edici\u00f3 amb 34 bandes i solistes de tot el m\u00f3n a Castell\u00f3 de la Plana\">Read more<\/a><\/p>\n","protected":false},"author":2,"featured_media":4356,"comment_status":"closed","ping_status":"closed","sticky":false,"template":"","format":"standard","meta":{"om_disable_all_campaigns":false,"_monsterinsights_skip_tracking":false,"_monsterinsights_sitenote_active":false,"_monsterinsights_sitenote_note":"","_monsterinsights_sitenote_category":0,"_uf_show_specific_survey":0,"_uf_disable_surveys":false,"footnotes":""},"categories":[10],"tags":[],"class_list":["post-4355","post","type-post","status-publish","format-standard","has-post-thumbnail","hentry","category-provinciadecastello"],"_links":{"self":[{"href":"https:\/\/elcafedepipa.com\/index.php\/wp-json\/wp\/v2\/posts\/4355","targetHints":{"allow":["GET"]}}],"collection":[{"href":"https:\/\/elcafedepipa.com\/index.php\/wp-json\/wp\/v2\/posts"}],"about":[{"href":"https:\/\/elcafedepipa.com\/index.php\/wp-json\/wp\/v2\/types\/post"}],"author":[{"embeddable":true,"href":"https:\/\/elcafedepipa.com\/index.php\/wp-json\/wp\/v2\/users\/2"}],"replies":[{"embeddable":true,"href":"https:\/\/elcafedepipa.com\/index.php\/wp-json\/wp\/v2\/comments?post=4355"}],"version-history":[{"count":0,"href":"https:\/\/elcafedepipa.com\/index.php\/wp-json\/wp\/v2\/posts\/4355\/revisions"}],"wp:featuredmedia":[{"embeddable":true,"href":"https:\/\/elcafedepipa.com\/index.php\/wp-json\/wp\/v2\/media\/4356"}],"wp:attachment":[{"href":"https:\/\/elcafedepipa.com\/index.php\/wp-json\/wp\/v2\/media?parent=4355"}],"wp:term":[{"taxonomy":"category","embeddable":true,"href":"https:\/\/elcafedepipa.com\/index.php\/wp-json\/wp\/v2\/categories?post=4355"},{"taxonomy":"post_tag","embeddable":true,"href":"https:\/\/elcafedepipa.com\/index.php\/wp-json\/wp\/v2\/tags?post=4355"}],"curies":[{"name":"wp","href":"https:\/\/api.w.org\/{rel}","templated":true}]}}