{"id":4342,"date":"2024-08-14T07:51:04","date_gmt":"2024-08-14T05:51:04","guid":{"rendered":"https:\/\/elcafedepipa.com\/?p=4342"},"modified":"2024-08-14T07:51:06","modified_gmt":"2024-08-14T05:51:06","slug":"recta-final-de-les-nits-dhistories-i-historietes-ruta-xyz-nit-dels-ibers-i-el-barri-toledo-com-a-novetat","status":"publish","type":"post","link":"https:\/\/elcafedepipa.com\/index.php\/2024\/08\/14\/recta-final-de-les-nits-dhistories-i-historietes-ruta-xyz-nit-dels-ibers-i-el-barri-toledo-com-a-novetat\/","title":{"rendered":"Recta final de les Nits d&#8217;Hist\u00f2ries i Historietes: Ruta\u00a0XYZ, Nit dels Ibers i el Barri Toledo com a\u00a0novetat"},"content":{"rendered":"\n<p>L\u2019actual temporada d\u2019eixides nocturnes tematitzades est\u00e0 aconseguint un gran \u00e8xit gr\u00e0cies a la incorporaci\u00f3 de novetats i el manteniment de les visites cl\u00e0ssiques. Fins ara, les cinc sessions realitzades han comptat amb una notable aflu\u00e8ncia de p\u00fablic. Durant el que resta del mes d\u2019agost, es realitzaran les tres \u00faltimes Nits d\u2019Hist\u00f2ries i Historietes de l\u2019estiu, que s\u2019espera que&nbsp;susciten un gran&nbsp;inter\u00e9s.<\/p>\n\n\n\n<p>El pr\u00f2xim dissabte&nbsp;17 d\u2019agost es celebrar\u00e0 la ja consolidada Ruta&nbsp;XYZ, una excursi\u00f3 organitzada en col\u00b7laboraci\u00f3 amb l\u2019associaci\u00f3 local Muntanyes de la Guerra.&nbsp;Aquesta&nbsp;activitat&nbsp;posa en valor&nbsp;el patrimoni hist\u00f2ric b\u00e8l\u00b7lic de la Vall, explicant detalladament les batalles que tingueren lloc durant la Guerra Civil. El recorregut, que arrancar\u00e0 a les&nbsp;20h, inclour\u00e0 una passejada entre trinxeres, nius de metralladores i b\u00fanquers, amb una durada estimada de 2 a 3 hores i un nivell de dificultat baix.<\/p>\n\n\n\n<p>El 24 d\u2019agost, es dur\u00e0 a terme la Nit dels Ibers, un cl\u00e0ssic de les Nits d\u2019Hist\u00f2ries i Historietes, al Poblat Iber de Sant Josep. Enguany, la visita&nbsp;comptar\u00e0 amb&nbsp;una novetat sorpresa que promet fer-la encara m\u00e9s especial. Els assistents podran presenciar una recreaci\u00f3 de la vida dels primers pobladors, gr\u00e0cies a un grup de teatre, i tamb\u00e9 gaudir d\u2019una sessi\u00f3 d\u2019observaci\u00f3 astron\u00f2mica del cel nocturn de Sant Josep.&nbsp;Aquesta&nbsp;visita, amb sessions des de les 20 h fins a les 00 h, \u00e9s la que m\u00e9s p\u00fablic pot acollir.<\/p>\n\n\n\n<p>La temporada conclour\u00e0 el dissabte 31 d\u2019agost amb una novetat d\u2019enguany: la visita al barri Toledo, on es parlar\u00e0 dels or\u00edgens d\u2019aquest&nbsp;barri i es destacar\u00e0 la hist\u00f2ria de les migracions de les persones treballadores que van formar part de la ciutat.<\/p>\n\n\n\n<p>Com sempre, les inscripcions a les visites s\u00f3n gratu\u00eftes fins a completar l\u2019aforament, i es poden realitzar cada dilluns a la&nbsp;Tourist&nbsp;Info&nbsp;o al tel\u00e8fon 964660785.<\/p>\n","protected":false},"excerpt":{"rendered":"<p>L\u2019actual temporada d\u2019eixides nocturnes tematitzades est\u00e0 aconseguint un gran \u00e8xit gr\u00e0cies a la incorporaci\u00f3 de novetats i el manteniment de les visites cl\u00e0ssiques. Fins ara, les cinc sessions realitzades han comptat amb una notable aflu\u00e8ncia de p\u00fablic. Durant el que resta del mes d\u2019agost, es realitzaran les tres \u00faltimes Nits d\u2019Hist\u00f2ries i Historietes de l\u2019estiu, &#8230; <a title=\"Recta final de les Nits d&#8217;Hist\u00f2ries i Historietes: Ruta\u00a0XYZ, Nit dels Ibers i el Barri Toledo com a\u00a0novetat\" class=\"read-more\" href=\"https:\/\/elcafedepipa.com\/index.php\/2024\/08\/14\/recta-final-de-les-nits-dhistories-i-historietes-ruta-xyz-nit-dels-ibers-i-el-barri-toledo-com-a-novetat\/\" aria-label=\"M\u00e9s informaci\u00f3 sobre Recta final de les Nits d&#8217;Hist\u00f2ries i Historietes: Ruta\u00a0XYZ, Nit dels Ibers i el Barri Toledo com a\u00a0novetat\">Read more<\/a><\/p>\n","protected":false},"author":2,"featured_media":4343,"comment_status":"closed","ping_status":"closed","sticky":false,"template":"","format":"standard","meta":{"om_disable_all_campaigns":false,"_monsterinsights_skip_tracking":false,"_monsterinsights_sitenote_active":false,"_monsterinsights_sitenote_note":"","_monsterinsights_sitenote_category":0,"_uf_show_specific_survey":0,"_uf_disable_surveys":false,"footnotes":""},"categories":[2],"tags":[],"class_list":["post-4342","post","type-post","status-publish","format-standard","has-post-thumbnail","hentry","category-lavallduixo"],"_links":{"self":[{"href":"https:\/\/elcafedepipa.com\/index.php\/wp-json\/wp\/v2\/posts\/4342","targetHints":{"allow":["GET"]}}],"collection":[{"href":"https:\/\/elcafedepipa.com\/index.php\/wp-json\/wp\/v2\/posts"}],"about":[{"href":"https:\/\/elcafedepipa.com\/index.php\/wp-json\/wp\/v2\/types\/post"}],"author":[{"embeddable":true,"href":"https:\/\/elcafedepipa.com\/index.php\/wp-json\/wp\/v2\/users\/2"}],"replies":[{"embeddable":true,"href":"https:\/\/elcafedepipa.com\/index.php\/wp-json\/wp\/v2\/comments?post=4342"}],"version-history":[{"count":0,"href":"https:\/\/elcafedepipa.com\/index.php\/wp-json\/wp\/v2\/posts\/4342\/revisions"}],"wp:featuredmedia":[{"embeddable":true,"href":"https:\/\/elcafedepipa.com\/index.php\/wp-json\/wp\/v2\/media\/4343"}],"wp:attachment":[{"href":"https:\/\/elcafedepipa.com\/index.php\/wp-json\/wp\/v2\/media?parent=4342"}],"wp:term":[{"taxonomy":"category","embeddable":true,"href":"https:\/\/elcafedepipa.com\/index.php\/wp-json\/wp\/v2\/categories?post=4342"},{"taxonomy":"post_tag","embeddable":true,"href":"https:\/\/elcafedepipa.com\/index.php\/wp-json\/wp\/v2\/tags?post=4342"}],"curies":[{"name":"wp","href":"https:\/\/api.w.org\/{rel}","templated":true}]}}