{"id":4316,"date":"2024-08-13T10:20:46","date_gmt":"2024-08-13T08:20:46","guid":{"rendered":"https:\/\/elcafedepipa.com\/?p=4316"},"modified":"2024-08-13T10:20:48","modified_gmt":"2024-08-13T08:20:48","slug":"la-unio-demana-a-la-conselleria-dagricultura-una-linia-pressupostaria-per-a-distribuir-gratuitament-paranys-contra-el-trips-sud-africa","status":"publish","type":"post","link":"https:\/\/elcafedepipa.com\/index.php\/2024\/08\/13\/la-unio-demana-a-la-conselleria-dagricultura-una-linia-pressupostaria-per-a-distribuir-gratuitament-paranys-contra-el-trips-sud-africa\/","title":{"rendered":"LA UNI\u00d3 demana a la Conselleria d&#8217;Agricultura una l\u00ednia pressupost\u00e0ria per a distribuir gratu\u00eftament paranys contra el trips sud-afric\u00e0"},"content":{"rendered":"\n<p><strong>L&#8217;organitzaci\u00f3 sol\u00b7licita aquesta mesura amb l&#8217;objectiu de fer costat al sector, reduir els costos de producci\u00f3 i millorar l&#8217;estrat\u00e8gia de control de la plaga<\/strong><\/p>\n\n\n\n<p>LA UNI\u00d3 de Llauradors ha sol\u00b7licitat a la Conselleria d&#8217;Agricultura que establisca una l\u00ednia pressupost\u00e0ria espec\u00edfica per a repartir de manera gratu\u00efta paranys adhesius cromotr\u00f2pics grocs amb l&#8217;objectiu de detectar la pres\u00e8ncia&nbsp;del trips&nbsp;sud-afric\u00e0 (Scirtothrips&nbsp;aurantii) en les parcel\u00b7les de la Comunitat Valenciana.<\/p>\n\n\n\n<p>L&#8217;organitzaci\u00f3 agr\u00e0ria considera fonamental la instal\u00b7laci\u00f3 d&#8217;aquests paranys per a permetre als productors identificar la plaga amb anticipaci\u00f3 i aplicar el protocol de control abans que es produ\u00efsquen danys, evitant aix\u00ed p\u00e8rdues econ\u00f2miques significatives. Aquesta plaga, detectada inicialment en comarques com la Vega Baja,&nbsp;La Safor&nbsp;i la Ribera Alta, s&#8217;ha confirmat recentment en altres zones com la Plana Baixa, afectant especialment cultius de c\u00edtrics, caquis i magraners, i incrementant els costos per als agricultors a causa de la necessitat de m\u00e9s tractaments fitosanitaris.<\/p>\n\n\n\n<p>La Conselleria d&#8217;Agricultura, mitjan\u00e7ant una resoluci\u00f3 del 27 de juny de 2024, va declarar la pres\u00e8ncia d&#8217;aquesta plaga de quarantena i va establir mesures urgents per a la seua erradicaci\u00f3 i control. Entre les recomanacions destacades per l&#8217;Institut Valenci\u00e0 d&#8217;Investigacions Agr\u00e0ries (IVIA) i el Servei de Sanitat Vegetal, es troba la col\u00b7locaci\u00f3 d&#8217;aquests paranys adhesius, que ajuden a detectar&nbsp;el trips&nbsp;abans que aquest danye els fruits, reduint aix\u00ed les p\u00e8rdues.<\/p>\n\n\n\n<p>Carles Peris, secretari general de LA UNI\u00d3, ha instat la Conselleria a actuar amb rapidesa per a garantir la distribuci\u00f3 efectiva d&#8217;aquests recursos, subratllant la necessitat de suport institucional per a assegurar la sostenibilitat del sector agrari valenci\u00e0. Peris tamb\u00e9 ha criticat els problemes derivats de la introducci\u00f3 de plagues a trav\u00e9s de productes importats de tercers pa\u00efsos, remarcant que els agricultors ja suporten costos elevats per aquestes plagues introdu\u00efdes.<\/p>\n\n\n\n<p>La pres\u00e8ncia&nbsp;del trips&nbsp;sud-afric\u00e0, una plaga molt pol\u00edfaga que afecta m\u00e9s de 70 esp\u00e8cies vegetals, s&#8217;ha vist afavorida per les temperatures hivernals c\u00e0lides i la humitat relativa. Aquesta plaga pot provocar danys greus en els fruits, reduint el seu valor comercial i deixant-los nom\u00e9s aptes per al processament. LA UNI\u00d3 considera urgent la implementaci\u00f3 de mesures per a minimitzar l&#8217;impacte econ\u00f2mic i evitar que la situaci\u00f3 empitjore.<\/p>\n","protected":false},"excerpt":{"rendered":"<p>L&#8217;organitzaci\u00f3 sol\u00b7licita aquesta mesura amb l&#8217;objectiu de fer costat al sector, reduir els costos de producci\u00f3 i millorar l&#8217;estrat\u00e8gia de control de la plaga LA UNI\u00d3 de Llauradors ha sol\u00b7licitat a la Conselleria d&#8217;Agricultura que establisca una l\u00ednia pressupost\u00e0ria espec\u00edfica per a repartir de manera gratu\u00efta paranys adhesius cromotr\u00f2pics grocs amb l&#8217;objectiu de detectar la &#8230; <a title=\"LA UNI\u00d3 demana a la Conselleria d&#8217;Agricultura una l\u00ednia pressupost\u00e0ria per a distribuir gratu\u00eftament paranys contra el trips sud-afric\u00e0\" class=\"read-more\" href=\"https:\/\/elcafedepipa.com\/index.php\/2024\/08\/13\/la-unio-demana-a-la-conselleria-dagricultura-una-linia-pressupostaria-per-a-distribuir-gratuitament-paranys-contra-el-trips-sud-africa\/\" aria-label=\"M\u00e9s informaci\u00f3 sobre LA UNI\u00d3 demana a la Conselleria d&#8217;Agricultura una l\u00ednia pressupost\u00e0ria per a distribuir gratu\u00eftament paranys contra el trips sud-afric\u00e0\">Read more<\/a><\/p>\n","protected":false},"author":2,"featured_media":4317,"comment_status":"closed","ping_status":"closed","sticky":false,"template":"","format":"standard","meta":{"om_disable_all_campaigns":false,"_monsterinsights_skip_tracking":false,"_monsterinsights_sitenote_active":false,"_monsterinsights_sitenote_note":"","_monsterinsights_sitenote_category":0,"_uf_show_specific_survey":0,"_uf_disable_surveys":false,"footnotes":""},"categories":[11],"tags":[],"class_list":["post-4316","post","type-post","status-publish","format-standard","has-post-thumbnail","hentry","category-comunitatvalenciana"],"_links":{"self":[{"href":"https:\/\/elcafedepipa.com\/index.php\/wp-json\/wp\/v2\/posts\/4316","targetHints":{"allow":["GET"]}}],"collection":[{"href":"https:\/\/elcafedepipa.com\/index.php\/wp-json\/wp\/v2\/posts"}],"about":[{"href":"https:\/\/elcafedepipa.com\/index.php\/wp-json\/wp\/v2\/types\/post"}],"author":[{"embeddable":true,"href":"https:\/\/elcafedepipa.com\/index.php\/wp-json\/wp\/v2\/users\/2"}],"replies":[{"embeddable":true,"href":"https:\/\/elcafedepipa.com\/index.php\/wp-json\/wp\/v2\/comments?post=4316"}],"version-history":[{"count":0,"href":"https:\/\/elcafedepipa.com\/index.php\/wp-json\/wp\/v2\/posts\/4316\/revisions"}],"wp:featuredmedia":[{"embeddable":true,"href":"https:\/\/elcafedepipa.com\/index.php\/wp-json\/wp\/v2\/media\/4317"}],"wp:attachment":[{"href":"https:\/\/elcafedepipa.com\/index.php\/wp-json\/wp\/v2\/media?parent=4316"}],"wp:term":[{"taxonomy":"category","embeddable":true,"href":"https:\/\/elcafedepipa.com\/index.php\/wp-json\/wp\/v2\/categories?post=4316"},{"taxonomy":"post_tag","embeddable":true,"href":"https:\/\/elcafedepipa.com\/index.php\/wp-json\/wp\/v2\/tags?post=4316"}],"curies":[{"name":"wp","href":"https:\/\/api.w.org\/{rel}","templated":true}]}}