{"id":4296,"date":"2024-08-12T13:32:09","date_gmt":"2024-08-12T11:32:09","guid":{"rendered":"https:\/\/elcafedepipa.com\/?p=4296"},"modified":"2024-08-12T13:32:11","modified_gmt":"2024-08-12T11:32:11","slug":"la-diputacio-avanca-en-la-vertebracio-de-la-provincia-amb-la-millora-de-la-cv-213-entre-algimia-de-almonacid-i-matet","status":"publish","type":"post","link":"https:\/\/elcafedepipa.com\/index.php\/2024\/08\/12\/la-diputacio-avanca-en-la-vertebracio-de-la-provincia-amb-la-millora-de-la-cv-213-entre-algimia-de-almonacid-i-matet\/","title":{"rendered":"La Diputaci\u00f3 avan\u00e7a en la vertebraci\u00f3 de la prov\u00edncia amb la millora de la CV-213 entre\u00a0Algimia de Almonacid\u00a0i\u00a0Matet"},"content":{"rendered":"\n<p><strong>\u201cLa carretera \u00e9s la infraestructura fonamental en el progr\u00e9s econ\u00f2mic, social i cultural dels nostres pobles. \u00c9s un element indispensable per a l&#8217;adequada ordenaci\u00f3 i articulaci\u00f3 del territori\u201d, expressa el vicepresident H\u00e9ctor Folgado<\/strong><\/p>\n\n\n\n<p>La Diputaci\u00f3 de Castell\u00f3 ha invertit 605.000 euros per a millorar la seguretat vi\u00e0ria de la CV-213 en el tram que&nbsp;uneix&nbsp;Algimia de Almonacid&nbsp;i Matet. Aquesta actuaci\u00f3, destacada pel vicepresident de la instituci\u00f3,&nbsp;H\u00e9ctor&nbsp;Folgado, reafirma el comprom\u00eds de la Diputaci\u00f3 per millorar les comunicacions i la xarxa provincial de carreteres.<\/p>\n\n\n\n<p>Folgado&nbsp;ha subratllat que &#8220;invertir en carreteres \u00e9s contribuir a la seguretat vi\u00e0ria, millorar les comunicacions i afavorir el progr\u00e9s dels municipis&#8221;, especialment en la lluita contra la despoblaci\u00f3. Les obres han incl\u00f2s l&#8217;ampliaci\u00f3 de la cal\u00e7ada, la millora del ferm, i la instal\u00b7laci\u00f3 de nous sistemes de drenatge i senyalitzaci\u00f3, garantint una circulaci\u00f3 segura per aquesta via.<\/p>\n\n\n\n<p>Aquesta intervenci\u00f3 completa els treballs&nbsp;realitzats&nbsp;a finals de 2023 en la travessia d&#8217;Algimia de Almonacid, millorant significativament la seguretat vi\u00e0ria de la zona.<\/p>\n","protected":false},"excerpt":{"rendered":"<p>\u201cLa carretera \u00e9s la infraestructura fonamental en el progr\u00e9s econ\u00f2mic, social i cultural dels nostres pobles. \u00c9s un element indispensable per a l&#8217;adequada ordenaci\u00f3 i articulaci\u00f3 del territori\u201d, expressa el vicepresident H\u00e9ctor Folgado La Diputaci\u00f3 de Castell\u00f3 ha invertit 605.000 euros per a millorar la seguretat vi\u00e0ria de la CV-213 en el tram que&nbsp;uneix&nbsp;Algimia de &#8230; <a title=\"La Diputaci\u00f3 avan\u00e7a en la vertebraci\u00f3 de la prov\u00edncia amb la millora de la CV-213 entre\u00a0Algimia de Almonacid\u00a0i\u00a0Matet\" class=\"read-more\" href=\"https:\/\/elcafedepipa.com\/index.php\/2024\/08\/12\/la-diputacio-avanca-en-la-vertebracio-de-la-provincia-amb-la-millora-de-la-cv-213-entre-algimia-de-almonacid-i-matet\/\" aria-label=\"M\u00e9s informaci\u00f3 sobre La Diputaci\u00f3 avan\u00e7a en la vertebraci\u00f3 de la prov\u00edncia amb la millora de la CV-213 entre\u00a0Algimia de Almonacid\u00a0i\u00a0Matet\">Read more<\/a><\/p>\n","protected":false},"author":2,"featured_media":4297,"comment_status":"closed","ping_status":"closed","sticky":false,"template":"","format":"standard","meta":{"om_disable_all_campaigns":false,"_monsterinsights_skip_tracking":false,"_monsterinsights_sitenote_active":false,"_monsterinsights_sitenote_note":"","_monsterinsights_sitenote_category":0,"_uf_show_specific_survey":0,"_uf_disable_surveys":false,"footnotes":""},"categories":[10],"tags":[],"class_list":["post-4296","post","type-post","status-publish","format-standard","has-post-thumbnail","hentry","category-provinciadecastello"],"_links":{"self":[{"href":"https:\/\/elcafedepipa.com\/index.php\/wp-json\/wp\/v2\/posts\/4296","targetHints":{"allow":["GET"]}}],"collection":[{"href":"https:\/\/elcafedepipa.com\/index.php\/wp-json\/wp\/v2\/posts"}],"about":[{"href":"https:\/\/elcafedepipa.com\/index.php\/wp-json\/wp\/v2\/types\/post"}],"author":[{"embeddable":true,"href":"https:\/\/elcafedepipa.com\/index.php\/wp-json\/wp\/v2\/users\/2"}],"replies":[{"embeddable":true,"href":"https:\/\/elcafedepipa.com\/index.php\/wp-json\/wp\/v2\/comments?post=4296"}],"version-history":[{"count":0,"href":"https:\/\/elcafedepipa.com\/index.php\/wp-json\/wp\/v2\/posts\/4296\/revisions"}],"wp:featuredmedia":[{"embeddable":true,"href":"https:\/\/elcafedepipa.com\/index.php\/wp-json\/wp\/v2\/media\/4297"}],"wp:attachment":[{"href":"https:\/\/elcafedepipa.com\/index.php\/wp-json\/wp\/v2\/media?parent=4296"}],"wp:term":[{"taxonomy":"category","embeddable":true,"href":"https:\/\/elcafedepipa.com\/index.php\/wp-json\/wp\/v2\/categories?post=4296"},{"taxonomy":"post_tag","embeddable":true,"href":"https:\/\/elcafedepipa.com\/index.php\/wp-json\/wp\/v2\/tags?post=4296"}],"curies":[{"name":"wp","href":"https:\/\/api.w.org\/{rel}","templated":true}]}}