{"id":4251,"date":"2024-08-09T17:52:46","date_gmt":"2024-08-09T15:52:46","guid":{"rendered":"https:\/\/elcafedepipa.com\/?p=4251"},"modified":"2024-08-09T17:52:52","modified_gmt":"2024-08-09T15:52:52","slug":"nules-celebra-una-junta-local-de-seguretat-per-a-coordinar-les-festes-de-sant-roc","status":"publish","type":"post","link":"https:\/\/elcafedepipa.com\/index.php\/2024\/08\/09\/nules-celebra-una-junta-local-de-seguretat-per-a-coordinar-les-festes-de-sant-roc\/","title":{"rendered":"Nules celebra una Junta Local de Seguretat per a coordinar les Festes de Sant Roc"},"content":{"rendered":"\n<p><strong>Ha disminu\u00eft l\u2019\u00edndex de criminalitat en un 20 per cent en el primer semestre de l\u2019any<\/strong><\/p>\n\n\n\n<p>La Junta Local de Seguretat s\u2019ha reunit a Nules per a tractar i coordinar diferents assumptes relacionats amb la seguretat de les festes de Sant Roc, que tenen lloc fins al 16 d\u2019agost a les platges de Nules, i de les festes patronals en honor a Sant Bartomeu que se celebraran els dies del 17 al 25 d\u2019agost.<\/p>\n\n\n\n<p>La junta ha estat presidida &nbsp;per l\u2019alcalde de Nules, David Garc\u00eda, i per la Subdelegada del Govern a Castell\u00f3, Antonia Garc\u00eda, i ha comptat amb la pres\u00e8ncia de la cap de la Unitat contra Viol\u00e8ncia de G\u00e8nere de la subdelegaci\u00f3, Rosa Marco Chord\u00e0, i de la regidora de Festes, Blanca Silvestre, a m\u00e9s de representants de les forces de seguretat com ara la Gu\u00e0rdia Civil, Policia Nacional adscrita a la Generalitat Valenciana i Policia Local, i de representants de Protecci\u00f3 Civil, Creu Roja, Parc de Bombers i Centre de Salut.<\/p>\n\n\n\n<p>\u201cHem demanat col\u00b7laboraci\u00f3 i coordinaci\u00f3 de les diferents forces de seguretat per als dies de festes, de manera que hem repassat tots els actes de festes, dia a dia, per a veure els efectius necessaris per a aix\u00ed garantir la seguretat ciutadana durant els dies festius tant a la platja com al poble. Per tant, tindrem un dispositiu especial en els actes m\u00e9s multitudinaris\u201d, assenyala l\u2019alcalde de Nules i regidor de Seguretat i Policia Local, David Garc\u00eda.<\/p>\n\n\n\n<p>A m\u00e9s, tamb\u00e9 s\u2019ha valorat positivament el funcionament del programa Viogen a la localitat de Nules. De fet, entre els assumptes tractats cal destacar la instal\u00b7laci\u00f3 de Punts Violeta en els principals actes de les festes patronals en honor a Sant Bartomeu, \u201ces tracta d\u2019uns espais per a informar, prevenir i conscienciar la ciutadania sobre qualsevol agressi\u00f3 sexista que comptaran amb personal especialitzat\u201d, apunta David Garc\u00eda.<\/p>\n\n\n\n<p><strong>Seguretat ciutadana<\/strong><\/p>\n\n\n\n<p>Per altra banda, tamb\u00e9 s\u2019han exposat diferents temes relacionats amb la seguretat ciutadana, on s\u2019ha destacat &nbsp;la reducci\u00f3 dels \u00edndexs de criminalitat en un 20 per cent en el primer semestre de l\u2019any 2024.<\/p>\n","protected":false},"excerpt":{"rendered":"<p>Ha disminu\u00eft l\u2019\u00edndex de criminalitat en un 20 per cent en el primer semestre de l\u2019any La Junta Local de Seguretat s\u2019ha reunit a Nules per a tractar i coordinar diferents assumptes relacionats amb la seguretat de les festes de Sant Roc, que tenen lloc fins al 16 d\u2019agost a les platges de Nules, i &#8230; <a title=\"Nules celebra una Junta Local de Seguretat per a coordinar les Festes de Sant Roc\" class=\"read-more\" href=\"https:\/\/elcafedepipa.com\/index.php\/2024\/08\/09\/nules-celebra-una-junta-local-de-seguretat-per-a-coordinar-les-festes-de-sant-roc\/\" aria-label=\"M\u00e9s informaci\u00f3 sobre Nules celebra una Junta Local de Seguretat per a coordinar les Festes de Sant Roc\">Read more<\/a><\/p>\n","protected":false},"author":2,"featured_media":4252,"comment_status":"closed","ping_status":"closed","sticky":false,"template":"","format":"standard","meta":{"om_disable_all_campaigns":false,"_monsterinsights_skip_tracking":false,"_monsterinsights_sitenote_active":false,"_monsterinsights_sitenote_note":"","_monsterinsights_sitenote_category":0,"_uf_show_specific_survey":0,"_uf_disable_surveys":false,"footnotes":""},"categories":[1],"tags":[],"class_list":["post-4251","post","type-post","status-publish","format-standard","has-post-thumbnail","hentry","category-non-classe"],"_links":{"self":[{"href":"https:\/\/elcafedepipa.com\/index.php\/wp-json\/wp\/v2\/posts\/4251","targetHints":{"allow":["GET"]}}],"collection":[{"href":"https:\/\/elcafedepipa.com\/index.php\/wp-json\/wp\/v2\/posts"}],"about":[{"href":"https:\/\/elcafedepipa.com\/index.php\/wp-json\/wp\/v2\/types\/post"}],"author":[{"embeddable":true,"href":"https:\/\/elcafedepipa.com\/index.php\/wp-json\/wp\/v2\/users\/2"}],"replies":[{"embeddable":true,"href":"https:\/\/elcafedepipa.com\/index.php\/wp-json\/wp\/v2\/comments?post=4251"}],"version-history":[{"count":0,"href":"https:\/\/elcafedepipa.com\/index.php\/wp-json\/wp\/v2\/posts\/4251\/revisions"}],"wp:featuredmedia":[{"embeddable":true,"href":"https:\/\/elcafedepipa.com\/index.php\/wp-json\/wp\/v2\/media\/4252"}],"wp:attachment":[{"href":"https:\/\/elcafedepipa.com\/index.php\/wp-json\/wp\/v2\/media?parent=4251"}],"wp:term":[{"taxonomy":"category","embeddable":true,"href":"https:\/\/elcafedepipa.com\/index.php\/wp-json\/wp\/v2\/categories?post=4251"},{"taxonomy":"post_tag","embeddable":true,"href":"https:\/\/elcafedepipa.com\/index.php\/wp-json\/wp\/v2\/tags?post=4251"}],"curies":[{"name":"wp","href":"https:\/\/api.w.org\/{rel}","templated":true}]}}