{"id":4248,"date":"2024-08-09T17:49:57","date_gmt":"2024-08-09T15:49:57","guid":{"rendered":"https:\/\/elcafedepipa.com\/?p=4248"},"modified":"2024-08-09T17:50:00","modified_gmt":"2024-08-09T15:50:00","slug":"la-unio-denuncia-que-enguany-es-dupliquen-les-intercepcions-de-citrics-importats-amb-plagues-o-malalties","status":"publish","type":"post","link":"https:\/\/elcafedepipa.com\/index.php\/2024\/08\/09\/la-unio-denuncia-que-enguany-es-dupliquen-les-intercepcions-de-citrics-importats-amb-plagues-o-malalties\/","title":{"rendered":"LA UNI\u00d3 denuncia que enguany es dupliquen les intercepcions de c\u00edtrics importats amb plagues o malalties"},"content":{"rendered":"\n<p><strong>La Comissi\u00f3 Europea hauria de prendre mesures urgents en aquells pa\u00efsos que no poden complir les garanties sanit\u00e0ries<\/strong><br><\/p>\n\n\n\n<p>Les dades d&#8217;intercepcions de c\u00edtrics importats a la Uni\u00f3 Europea amb plagues o malalties lluny de frenar-se segueixen a l&#8217;al\u00e7a i enguany suposen ja m\u00e9s del doble que per aquestes mateixes dates de l\u2019any passat. Segons les dades recaptades per LA UNI\u00d3, de les 64 intercepcions de gener a juliol de 2023, hem passat a les 122 d&#8217;aquest 2024, \u00e9s a dir 58 m\u00e9s.<\/p>\n\n\n\n<p>Si comparem mes a mes de 2024 les xifres tamb\u00e9 s\u00f3n superiors. Al juliol d&#8217;enguany va haver-hi 33 intercepcions, un total de 6 m\u00e9s que al juny. De les intercepcions de l&#8217;\u00faltim mes comptabilitzat destaquen les 15 del Brasil i les 11 de Sud-\u00e0frica que pr\u00e0cticament monopolitzen el global.<\/p>\n\n\n\n<p>Ressaltar de nou la pres\u00e8ncia de diversos casos de Falsa Arna (Thaumatotibia leucotreta), Taca Negra (Phyllosticta citricarpa), Cancro dels C\u00edtrics (Xanthomonas) o Sarna dels C\u00edtrics (Elsinoe), plagues letals i no presents en la citricultura europea, cosa que significa que alguns pa\u00efsos segueixen sense oferir les garanties sanit\u00e0ries necess\u00e0ries en els seus enviaments.<\/p>\n\n\n\n<p>Segons el parer de LA UNI\u00d3, les autoritats de la Uni\u00f3 Europea han d&#8217;incrementar la pressi\u00f3 inspectora en tots aquells pa\u00efsos que no s\u00f3n capa\u00e7os de garantir la seguretat sanit\u00e0ria dels seus enviaments, com \u00e9s el cas de Turquia, Egipte, Sud-\u00e0frica, Zimbaue, Botswana o Swazil\u00e0ndia i alguns pa\u00efsos de Sud-am\u00e8rica com l&#8217;Argentina, el Brasil o Col\u00f2mbia, fonamentalment.<\/p>\n\n\n\n<p>D&#8217;una an\u00e0lisi de les intercepcions, LA UNI\u00d3 ressalta la preocupaci\u00f3 per la Taca Negra amb un augment dels casos al juliol sobre juny. Es tracta a m\u00e9s dels primers enviaments de la nova campanya d&#8217;importaci\u00f3 procedent de l&#8217;hemisferi sud, de pa\u00efsos com l&#8217;Argentina, el Brasil, Sud-\u00e0frica i altres pa\u00efsos africans.<\/p>\n\n\n\n<p>Carles Peris, secretari general de LA UNI\u00d3, reitera que \u201cles dades d&#8217;intercepcions s\u00f3n escandaloses, de suficient gravetat perqu\u00e8 les autoritats comunit\u00e0ries reflexionen seriosament, perqu\u00e8 pa\u00efsos com Sud-\u00e0frica, el Brasil o l&#8217;Argentina continuen sense oferir les garanties sanit\u00e0ries per a realitzar enviaments de c\u00edtrics de zones lliures d&#8217;eixes malalties. No comprenc el que ha de passar m\u00e9s perqu\u00e8 la Comissi\u00f3 Europea adopte mesures urgents\u201d.<\/p>\n\n\n\n<p>Cada entrada d&#8217;una plaga \u00e9s una ru\u00efna per a la nostra citricultura. En aquest sentit, la Comunitat Valenciana ha fet oficial recentment, despr\u00e9s dels avisos d&#8217;aquesta organitzaci\u00f3 agr\u00e0ria per a efectuar les prospeccions, la pres\u00e8ncia de la plaga de quarantena Trips sud-afric\u00e0 (Scirtothrips aurantii Faure) en els cultius de c\u00edtrics, caqui i magraner i ha adoptat mesures urgents per a la seua erradicaci\u00f3 i control.<\/p>\n\n\n\n<p>El secretari general de LA UNI\u00d3 recalca que \u201cla introducci\u00f3 d&#8217;una nova plaga en el nostre territori costa milers d&#8217;euros al sector i a les Administracions per al seu control, ja estem combatent moltes plagues, amb cada vegada menys mitjans, a les quals ara sumem aquest nou trips importat o les que puguen anar entrant\u201d.<\/p>\n\n\n\n<p>Paral\u00b7lelament al problema de les plagues ens trobem amb la compet\u00e8ncia deslleial per la falta de reciprocitat en mat\u00e8ria fitosanit\u00e0ria. Carles Peris indica que \u201ccal prohibir l&#8217;entrada de tots aquells productes importats que no complisquen amb els compromisos del pacte verd europeu en la seua estrat\u00e8gia fitosanit\u00e0ria. Cal competir en igualtat de condicions i no com fins ara. No podem fomentar les importacions mentre els nostres c\u00edtrics a vegades es podreixen en els arbres\u201d.<\/p>\n","protected":false},"excerpt":{"rendered":"<p>La Comissi\u00f3 Europea hauria de prendre mesures urgents en aquells pa\u00efsos que no poden complir les garanties sanit\u00e0ries Les dades d&#8217;intercepcions de c\u00edtrics importats a la Uni\u00f3 Europea amb plagues o malalties lluny de frenar-se segueixen a l&#8217;al\u00e7a i enguany suposen ja m\u00e9s del doble que per aquestes mateixes dates de l\u2019any passat. Segons les &#8230; <a title=\"LA UNI\u00d3 denuncia que enguany es dupliquen les intercepcions de c\u00edtrics importats amb plagues o malalties\" class=\"read-more\" href=\"https:\/\/elcafedepipa.com\/index.php\/2024\/08\/09\/la-unio-denuncia-que-enguany-es-dupliquen-les-intercepcions-de-citrics-importats-amb-plagues-o-malalties\/\" aria-label=\"M\u00e9s informaci\u00f3 sobre LA UNI\u00d3 denuncia que enguany es dupliquen les intercepcions de c\u00edtrics importats amb plagues o malalties\">Read more<\/a><\/p>\n","protected":false},"author":2,"featured_media":4249,"comment_status":"closed","ping_status":"closed","sticky":false,"template":"","format":"standard","meta":{"om_disable_all_campaigns":false,"_monsterinsights_skip_tracking":false,"_monsterinsights_sitenote_active":false,"_monsterinsights_sitenote_note":"","_monsterinsights_sitenote_category":0,"_uf_show_specific_survey":0,"_uf_disable_surveys":false,"footnotes":""},"categories":[11],"tags":[],"class_list":["post-4248","post","type-post","status-publish","format-standard","has-post-thumbnail","hentry","category-comunitatvalenciana"],"_links":{"self":[{"href":"https:\/\/elcafedepipa.com\/index.php\/wp-json\/wp\/v2\/posts\/4248","targetHints":{"allow":["GET"]}}],"collection":[{"href":"https:\/\/elcafedepipa.com\/index.php\/wp-json\/wp\/v2\/posts"}],"about":[{"href":"https:\/\/elcafedepipa.com\/index.php\/wp-json\/wp\/v2\/types\/post"}],"author":[{"embeddable":true,"href":"https:\/\/elcafedepipa.com\/index.php\/wp-json\/wp\/v2\/users\/2"}],"replies":[{"embeddable":true,"href":"https:\/\/elcafedepipa.com\/index.php\/wp-json\/wp\/v2\/comments?post=4248"}],"version-history":[{"count":0,"href":"https:\/\/elcafedepipa.com\/index.php\/wp-json\/wp\/v2\/posts\/4248\/revisions"}],"wp:featuredmedia":[{"embeddable":true,"href":"https:\/\/elcafedepipa.com\/index.php\/wp-json\/wp\/v2\/media\/4249"}],"wp:attachment":[{"href":"https:\/\/elcafedepipa.com\/index.php\/wp-json\/wp\/v2\/media?parent=4248"}],"wp:term":[{"taxonomy":"category","embeddable":true,"href":"https:\/\/elcafedepipa.com\/index.php\/wp-json\/wp\/v2\/categories?post=4248"},{"taxonomy":"post_tag","embeddable":true,"href":"https:\/\/elcafedepipa.com\/index.php\/wp-json\/wp\/v2\/tags?post=4248"}],"curies":[{"name":"wp","href":"https:\/\/api.w.org\/{rel}","templated":true}]}}