{"id":4223,"date":"2024-08-11T17:00:00","date_gmt":"2024-08-11T15:00:00","guid":{"rendered":"https:\/\/elcafedepipa.com\/?p=4223"},"modified":"2024-08-09T11:12:48","modified_gmt":"2024-08-09T09:12:48","slug":"livacei-impulsa-nous-tractaments-naturals-per-a-combatre-plagues-per-fongs-en-citrics","status":"publish","type":"post","link":"https:\/\/elcafedepipa.com\/index.php\/2024\/08\/11\/livacei-impulsa-nous-tractaments-naturals-per-a-combatre-plagues-per-fongs-en-citrics\/","title":{"rendered":"L&#8217;Ivace+i impulsa nous tractaments naturals per a combatre plagues per fongs\u00a0en c\u00edtrics"},"content":{"rendered":"\n<p><strong>L\u2019objectiu \u00e9s posar a la disposici\u00f3 del sector un nou producte m\u00e9s efica\u00e7 i sostenible que els fungicides que estan presents en el mercat<\/strong><\/p>\n\n\n\n<p>L\u2019Institut Valenci\u00e0 de Competitivitat i Innovaci\u00f3 (Ivace+i), presidit per la consellera Nuria Montes, ha anunciat el finan\u00e7ament d&#8217;un innovador projecte per a desenvolupar nous tractaments naturals contra els pat\u00f2gens responsables de la podridura verda i \u00e0cida en c\u00edtrics, dues de les malalties m\u00e9s destructives durant la fase de&nbsp;postcollita.<\/p>\n\n\n\n<p>Aquest projecte, conegut&nbsp;com&nbsp;&#8216;POSTHARVEST&nbsp;LIFE&#8217;, est\u00e0 coordinat per l&#8217;empresa Darwin&nbsp;Bioprospecting&nbsp;en col\u00b7laboraci\u00f3 amb el centre tecnol\u00f2gic&nbsp;AINIA, l\u2019Institut d\u2019Agroqu\u00edmica i Tecnologia dels Aliments (IATA-CSIC) i&nbsp;Frutinter. L&#8217;objectiu principal \u00e9s explorar noves estrat\u00e8gies de&nbsp;biocontrol&nbsp;que utilitzen microorganismes a\u00efllats de la microbiota dels c\u00edtrics, capa\u00e7os d&#8217;inhibir el creixement dels fongs&nbsp;Penicillium&nbsp;digitatum&nbsp;i&nbsp;Galactomyces&nbsp;citri-aurantii, responsables de gran part de les p\u00e8rdues en aquest cultiu.<\/p>\n\n\n\n<p>El projecte rep finan\u00e7ament de la Uni\u00f3 Europea en el marc del Programa Comunitat Valenciana FEDER 2021-2027 i pret\u00e9n dissenyar tractaments m\u00e9s sostenibles i efectius per a les explotacions agr\u00e0ries, amb l&#8217;objectiu de minimitzar les p\u00e8rdues econ\u00f2miques causades per les malalties&nbsp;postcollita. Segons estimacions de les organitzacions agr\u00e0ries, al voltant del 45% de la producci\u00f3 de fruites i verdures es perd cada any a causa de defectes de qualitat o podridura.<\/p>\n\n\n\n<p>Tradicionalment, els agricultors han utilitzat fungicides sint\u00e8tics per a combatre aquests pat\u00f2gens, per\u00f2 els nous ceps han desenvolupat resist\u00e8ncia a moltes d&#8217;aquestes subst\u00e0ncies. A m\u00e9s, l&#8217;\u00fas de qu\u00edmics s&#8217;ha limitat progressivament a causa dels riscos per a la salut i el medi ambient, en l\u00ednia amb l&#8217;estrat\u00e8gia &#8216;Farm to fork&#8217; de la Uni\u00f3 Europea, que busca reduir l&#8217;\u00fas de plaguicides qu\u00edmics en un 50% per al 2030.<\/p>\n\n\n\n<p>&#8216;POSTHARVEST&nbsp;LIFE&#8217; se centra en l&#8217;\u00fas de ceps presents en els c\u00edtrics mateixos, identificant i a\u00efllant aquells amb m\u00e9s activitat fungicida. Aquest enfocament natural i sostenible pret\u00e9n oferir una alternativa als fitosanitaris convencionals, contribuint a l&#8217;objectiu de residu zero i alineant-se amb les estrat\u00e8gies d&#8217;innovaci\u00f3 agroaliment\u00e0ria de la Comunitat Valenciana.<\/p>\n\n\n\n<p>El consorci involucrat en el projecte&nbsp;t\u00e9&nbsp;una s\u00f2lida experi\u00e8ncia en microbiologia, biologia molecular i desenvolupament de&nbsp;bioproductes&nbsp;per a l&#8217;agricultura, i est\u00e0&nbsp;comprom\u00e9s&nbsp;amb la creaci\u00f3 de solucions que milloren la competitivitat i sostenibilitat del sector citr\u00edcola valenci\u00e0.<\/p>\n","protected":false},"excerpt":{"rendered":"<p>L\u2019objectiu \u00e9s posar a la disposici\u00f3 del sector un nou producte m\u00e9s efica\u00e7 i sostenible que els fungicides que estan presents en el mercat L\u2019Institut Valenci\u00e0 de Competitivitat i Innovaci\u00f3 (Ivace+i), presidit per la consellera Nuria Montes, ha anunciat el finan\u00e7ament d&#8217;un innovador projecte per a desenvolupar nous tractaments naturals contra els pat\u00f2gens responsables de &#8230; <a title=\"L&#8217;Ivace+i impulsa nous tractaments naturals per a combatre plagues per fongs\u00a0en c\u00edtrics\" class=\"read-more\" href=\"https:\/\/elcafedepipa.com\/index.php\/2024\/08\/11\/livacei-impulsa-nous-tractaments-naturals-per-a-combatre-plagues-per-fongs-en-citrics\/\" aria-label=\"M\u00e9s informaci\u00f3 sobre L&#8217;Ivace+i impulsa nous tractaments naturals per a combatre plagues per fongs\u00a0en c\u00edtrics\">Read more<\/a><\/p>\n","protected":false},"author":2,"featured_media":4224,"comment_status":"closed","ping_status":"closed","sticky":false,"template":"","format":"standard","meta":{"om_disable_all_campaigns":false,"_monsterinsights_skip_tracking":false,"_monsterinsights_sitenote_active":false,"_monsterinsights_sitenote_note":"","_monsterinsights_sitenote_category":0,"_uf_show_specific_survey":0,"_uf_disable_surveys":false,"footnotes":""},"categories":[11],"tags":[],"class_list":["post-4223","post","type-post","status-publish","format-standard","has-post-thumbnail","hentry","category-comunitatvalenciana"],"_links":{"self":[{"href":"https:\/\/elcafedepipa.com\/index.php\/wp-json\/wp\/v2\/posts\/4223","targetHints":{"allow":["GET"]}}],"collection":[{"href":"https:\/\/elcafedepipa.com\/index.php\/wp-json\/wp\/v2\/posts"}],"about":[{"href":"https:\/\/elcafedepipa.com\/index.php\/wp-json\/wp\/v2\/types\/post"}],"author":[{"embeddable":true,"href":"https:\/\/elcafedepipa.com\/index.php\/wp-json\/wp\/v2\/users\/2"}],"replies":[{"embeddable":true,"href":"https:\/\/elcafedepipa.com\/index.php\/wp-json\/wp\/v2\/comments?post=4223"}],"version-history":[{"count":0,"href":"https:\/\/elcafedepipa.com\/index.php\/wp-json\/wp\/v2\/posts\/4223\/revisions"}],"wp:featuredmedia":[{"embeddable":true,"href":"https:\/\/elcafedepipa.com\/index.php\/wp-json\/wp\/v2\/media\/4224"}],"wp:attachment":[{"href":"https:\/\/elcafedepipa.com\/index.php\/wp-json\/wp\/v2\/media?parent=4223"}],"wp:term":[{"taxonomy":"category","embeddable":true,"href":"https:\/\/elcafedepipa.com\/index.php\/wp-json\/wp\/v2\/categories?post=4223"},{"taxonomy":"post_tag","embeddable":true,"href":"https:\/\/elcafedepipa.com\/index.php\/wp-json\/wp\/v2\/tags?post=4223"}],"curies":[{"name":"wp","href":"https:\/\/api.w.org\/{rel}","templated":true}]}}