{"id":4214,"date":"2024-08-11T10:30:00","date_gmt":"2024-08-11T08:30:00","guid":{"rendered":"https:\/\/elcafedepipa.com\/?p=4214"},"modified":"2024-08-09T11:03:44","modified_gmt":"2024-08-09T09:03:44","slug":"el-grup-parlamentari-popular-presenta-una-proposta-per-a-garantir-laccessibilitat-en-les-ciutats-intelligents","status":"publish","type":"post","link":"https:\/\/elcafedepipa.com\/index.php\/2024\/08\/11\/el-grup-parlamentari-popular-presenta-una-proposta-per-a-garantir-laccessibilitat-en-les-ciutats-intelligents\/","title":{"rendered":"El Grup Parlamentari Popular presenta una proposta per a garantir l&#8217;accessibilitat en les Ciutats Intel\u00b7ligents"},"content":{"rendered":"\n<p><strong>La diputada popular en Les Corts Elena Bastidas defensa el comprom\u00eds del Consell amb la plena integraci\u00f3 de les persones amb discapacitat<\/strong><\/p>\n\n\n\n<p>El Grup Parlamentari Popular ha registrat una Proposici\u00f3 No de Llei en\u00a0Les Corts\u00a0amb l&#8217;objectiu de promoure l&#8217;aplicaci\u00f3 de noves tecnologies en les Ciutats Intel\u00b7ligents, assegurant l&#8217;accessibilitat i la igualtat d&#8217;oportunitats per a les persones amb discapacitat. Aquesta iniciativa, liderada per la portaveu de Pol\u00edtica Social, Elena\u00a0Bastidas, subratlla la import\u00e0ncia d&#8217;incorporar la perspectiva de la discapacitat en el disseny i desenvolupament de les conegudes\u00a0com\u00a0Smart Cities.<\/p>\n\n\n\n<p>Segons les dades, a Espanya m\u00e9s de 4,3 milions de persones tenen algun tipus de discapacitat reconeguda, i en la Comunitat Valenciana aquesta xifra s&#8217;aproxima a les 358.000 persones. Per a Elena&nbsp;Bastidas, &#8220;\u00e9s innegable el comprom\u00eds del Consell de Carlos Maz\u00f3n amb els drets de les persones amb discapacitat consagrats en la Constituci\u00f3, aix\u00ed com amb l&#8217;adopci\u00f3 de mesures per a la seua plena integraci\u00f3 en la societat&#8221;.<\/p>\n\n\n\n<p>La proposta del Grup Popular insta al Govern d&#8217;Espanya a desenvolupar i implementar mesures que&nbsp;garantixen&nbsp;la igualtat d&#8217;oportunitats i l&#8217;accessibilitat en el disseny i aplicaci\u00f3 de noves tecnologies en les Ciutats Intel\u00b7ligents. La resoluci\u00f3 subratlla que, tot i que les noves tecnologies s\u00f3n essencials per a millorar la qualitat de vida i la participaci\u00f3 de les persones amb discapacitat, \u00e9s crucial que aquestes solucions tecnol\u00f2giques no generen noves barreres.<\/p>\n\n\n\n<p>Bastidas&nbsp;ha destacat que &#8220;vivim en una societat on l&#8217;avan\u00e7 tecnol\u00f2gic \u00e9s constant, per\u00f2 en l&#8217;\u00e0mbit de la tecnologia i la discapacitat, encara queda molt per fer. \u00c9s indispensable el treball conjunt i continuat de les&nbsp;Administracions P\u00fabliques, les Fundacions, les Associacions i les Empreses de&nbsp;Tecnologies de la Informaci\u00f3 i la Comunicaci\u00f3&nbsp;(TIC)&#8221;.<\/p>\n\n\n\n<p>La diputada popular ha defensat que &#8220;el&nbsp;PPCV&nbsp;sempre ha apostat per l&#8217;aplicaci\u00f3 de les noves tecnologies per a l&#8217;eliminaci\u00f3 de barreres a la integraci\u00f3 social. \u00c9s necessari que en els projectes de l&#8217;Administraci\u00f3 P\u00fablica s&#8217;estudie la incorporaci\u00f3 de la perspectiva de la discapacitat, especialment en el disseny de les Ciutats Intel\u00b7ligents&#8221;.<\/p>\n\n\n\n<p><\/p>\n","protected":false},"excerpt":{"rendered":"<p>La diputada popular en Les Corts Elena Bastidas defensa el comprom\u00eds del Consell amb la plena integraci\u00f3 de les persones amb discapacitat El Grup Parlamentari Popular ha registrat una Proposici\u00f3 No de Llei en\u00a0Les Corts\u00a0amb l&#8217;objectiu de promoure l&#8217;aplicaci\u00f3 de noves tecnologies en les Ciutats Intel\u00b7ligents, assegurant l&#8217;accessibilitat i la igualtat d&#8217;oportunitats per a les &#8230; <a title=\"El Grup Parlamentari Popular presenta una proposta per a garantir l&#8217;accessibilitat en les Ciutats Intel\u00b7ligents\" class=\"read-more\" href=\"https:\/\/elcafedepipa.com\/index.php\/2024\/08\/11\/el-grup-parlamentari-popular-presenta-una-proposta-per-a-garantir-laccessibilitat-en-les-ciutats-intelligents\/\" aria-label=\"M\u00e9s informaci\u00f3 sobre El Grup Parlamentari Popular presenta una proposta per a garantir l&#8217;accessibilitat en les Ciutats Intel\u00b7ligents\">Read more<\/a><\/p>\n","protected":false},"author":2,"featured_media":4217,"comment_status":"closed","ping_status":"closed","sticky":false,"template":"","format":"standard","meta":{"om_disable_all_campaigns":false,"_monsterinsights_skip_tracking":false,"_monsterinsights_sitenote_active":false,"_monsterinsights_sitenote_note":"","_monsterinsights_sitenote_category":0,"_uf_show_specific_survey":0,"_uf_disable_surveys":false,"footnotes":""},"categories":[11],"tags":[],"class_list":["post-4214","post","type-post","status-publish","format-standard","has-post-thumbnail","hentry","category-comunitatvalenciana"],"_links":{"self":[{"href":"https:\/\/elcafedepipa.com\/index.php\/wp-json\/wp\/v2\/posts\/4214","targetHints":{"allow":["GET"]}}],"collection":[{"href":"https:\/\/elcafedepipa.com\/index.php\/wp-json\/wp\/v2\/posts"}],"about":[{"href":"https:\/\/elcafedepipa.com\/index.php\/wp-json\/wp\/v2\/types\/post"}],"author":[{"embeddable":true,"href":"https:\/\/elcafedepipa.com\/index.php\/wp-json\/wp\/v2\/users\/2"}],"replies":[{"embeddable":true,"href":"https:\/\/elcafedepipa.com\/index.php\/wp-json\/wp\/v2\/comments?post=4214"}],"version-history":[{"count":0,"href":"https:\/\/elcafedepipa.com\/index.php\/wp-json\/wp\/v2\/posts\/4214\/revisions"}],"wp:featuredmedia":[{"embeddable":true,"href":"https:\/\/elcafedepipa.com\/index.php\/wp-json\/wp\/v2\/media\/4217"}],"wp:attachment":[{"href":"https:\/\/elcafedepipa.com\/index.php\/wp-json\/wp\/v2\/media?parent=4214"}],"wp:term":[{"taxonomy":"category","embeddable":true,"href":"https:\/\/elcafedepipa.com\/index.php\/wp-json\/wp\/v2\/categories?post=4214"},{"taxonomy":"post_tag","embeddable":true,"href":"https:\/\/elcafedepipa.com\/index.php\/wp-json\/wp\/v2\/tags?post=4214"}],"curies":[{"name":"wp","href":"https:\/\/api.w.org\/{rel}","templated":true}]}}