{"id":4196,"date":"2024-08-10T09:55:05","date_gmt":"2024-08-10T07:55:05","guid":{"rendered":"https:\/\/elcafedepipa.com\/?p=4196"},"modified":"2024-08-09T10:05:47","modified_gmt":"2024-08-09T08:05:47","slug":"el-pp-de-la-comunitat-valenciana-denuncia-lacord-de-financament-singular-per-a-catalunya-i-impulsara-el-seu-rebuig-en-les-corts","status":"publish","type":"post","link":"https:\/\/elcafedepipa.com\/index.php\/2024\/08\/10\/el-pp-de-la-comunitat-valenciana-denuncia-lacord-de-financament-singular-per-a-catalunya-i-impulsara-el-seu-rebuig-en-les-corts\/","title":{"rendered":"El PP de la Comunitat Valenciana denuncia l&#8217;acord de finan\u00e7ament singular per a Catalunya i impulsar\u00e0 el seu rebuig en Les Corts"},"content":{"rendered":"\n<p><strong>El portaveu adjunt del Grup Popular, Salvador Aguilella, den\u00fancia que l&#8217;acord entre socialistes i independentistes \u201csuposa una tra\u00efci\u00f3 als principis d&#8217;igualtat i solidaritat que estableix la nostra Constituci\u00f3\u201d<\/strong><\/p>\n\n\n\n<p>El Partit Popular de la Comunitat Valenciana ha registrat una iniciativa parlament\u00e0ria perqu\u00e8 el ple de&nbsp;Les Corts&nbsp;impugne l&#8217;acord de finan\u00e7ament aconseguit entre socialistes i independentistes catalans, alhora que reclama un finan\u00e7ament just per a la Comunitat Valenciana.<\/p>\n\n\n\n<p>El portaveu adjunt del&nbsp;GPP&nbsp;en&nbsp;Les Corts, Salvador Aguilella, considera que l&#8217;acord de finan\u00e7ament singular per a Catalunya \u201csuposa una tra\u00efci\u00f3 als principis d&#8217;igualtat i solidaritat que establix la nostra Constituci\u00f3\u201d. A m\u00e9s, aquest pacte, orientat a assegurar la investidura de Salvador Illa com a president de la Generalitat de Catalunya, \u201cperjudica greument la Comunitat Valenciana i la resta de comunitats aut\u00f2nomes\u201d, assegura el diputat popular.<\/p>\n\n\n\n<p>Aguilella estima que la reducci\u00f3 en la recaptaci\u00f3 de l&#8217;Estat a conseq\u00fc\u00e8ncia del cup catal\u00e0 ser\u00e0 de m\u00e9s de 50.000 milions d&#8217;euros, cosa que obligar\u00e0 a disminuir el finan\u00e7ament de la resta de comunitats en un 10,7% de mitjana o a augmentar els impostos un 30%. \u201cAquesta maniobra pol\u00edtica busca \u00fanicament consolidar el poder del PSOE a costa del benestar dels ciutadans\u201d, denuncia. Per aix\u00f2, el portaveu popular insistix que l&#8217;acord siga ratificat per tots els espanyols. \u201cNo podem permetre que decisions tan crucials es prenguen unilateralment, sense consultar el conjunt de la ciutadania. Aquest acord, que beneficia uns pocs en detriment de la majoria, ha de ser sotm\u00e9s a refer\u00e8ndum\u201d.<\/p>\n\n\n\n<p>La proposta de resoluci\u00f3 presentada pel&nbsp;GPP&nbsp;en&nbsp;Les Corts&nbsp;Valencianes rebutja la implementaci\u00f3 d&#8217;un sistema de finan\u00e7ament singular per a Catalunya i demana al Consell que inste el Govern d&#8217;Espanya a no privilegiar Catalunya amb un r\u00e8gim especial, a reformar el sistema de finan\u00e7ament auton\u00f2mic de manera justa per a totes les comunitats, i a habilitar immediatament un fons d&#8217;anivellaci\u00f3 transitori que compense&nbsp;l&#8217;infrafinan\u00e7ament de la Comunitat Valenciana mentre es du a terme aquesta reforma.<\/p>\n\n\n\n<p>\u201cAquest acord \u00e9s un atac directe als serveis b\u00e0sics que reben els valencians. No podem permetre que els interessos electorals del Partit Socialista posen en perill la igualtat i la solidaritat entre territoris. Defensem un finan\u00e7ament just per a tots els valencians i per a tots els espanyols\u201d, conclou Aguilella.<strong><br><\/strong><\/p>\n","protected":false},"excerpt":{"rendered":"<p>El portaveu adjunt del Grup Popular, Salvador Aguilella, den\u00fancia que l&#8217;acord entre socialistes i independentistes \u201csuposa una tra\u00efci\u00f3 als principis d&#8217;igualtat i solidaritat que estableix la nostra Constituci\u00f3\u201d El Partit Popular de la Comunitat Valenciana ha registrat una iniciativa parlament\u00e0ria perqu\u00e8 el ple de&nbsp;Les Corts&nbsp;impugne l&#8217;acord de finan\u00e7ament aconseguit entre socialistes i independentistes catalans, alhora &#8230; <a title=\"El PP de la Comunitat Valenciana denuncia l&#8217;acord de finan\u00e7ament singular per a Catalunya i impulsar\u00e0 el seu rebuig en Les Corts\" class=\"read-more\" href=\"https:\/\/elcafedepipa.com\/index.php\/2024\/08\/10\/el-pp-de-la-comunitat-valenciana-denuncia-lacord-de-financament-singular-per-a-catalunya-i-impulsara-el-seu-rebuig-en-les-corts\/\" aria-label=\"M\u00e9s informaci\u00f3 sobre El PP de la Comunitat Valenciana denuncia l&#8217;acord de finan\u00e7ament singular per a Catalunya i impulsar\u00e0 el seu rebuig en Les Corts\">Read more<\/a><\/p>\n","protected":false},"author":2,"featured_media":4197,"comment_status":"closed","ping_status":"closed","sticky":false,"template":"","format":"standard","meta":{"om_disable_all_campaigns":false,"_monsterinsights_skip_tracking":false,"_monsterinsights_sitenote_active":false,"_monsterinsights_sitenote_note":"","_monsterinsights_sitenote_category":0,"_uf_show_specific_survey":0,"_uf_disable_surveys":false,"footnotes":""},"categories":[11],"tags":[],"class_list":["post-4196","post","type-post","status-publish","format-standard","has-post-thumbnail","hentry","category-comunitatvalenciana"],"_links":{"self":[{"href":"https:\/\/elcafedepipa.com\/index.php\/wp-json\/wp\/v2\/posts\/4196","targetHints":{"allow":["GET"]}}],"collection":[{"href":"https:\/\/elcafedepipa.com\/index.php\/wp-json\/wp\/v2\/posts"}],"about":[{"href":"https:\/\/elcafedepipa.com\/index.php\/wp-json\/wp\/v2\/types\/post"}],"author":[{"embeddable":true,"href":"https:\/\/elcafedepipa.com\/index.php\/wp-json\/wp\/v2\/users\/2"}],"replies":[{"embeddable":true,"href":"https:\/\/elcafedepipa.com\/index.php\/wp-json\/wp\/v2\/comments?post=4196"}],"version-history":[{"count":0,"href":"https:\/\/elcafedepipa.com\/index.php\/wp-json\/wp\/v2\/posts\/4196\/revisions"}],"wp:featuredmedia":[{"embeddable":true,"href":"https:\/\/elcafedepipa.com\/index.php\/wp-json\/wp\/v2\/media\/4197"}],"wp:attachment":[{"href":"https:\/\/elcafedepipa.com\/index.php\/wp-json\/wp\/v2\/media?parent=4196"}],"wp:term":[{"taxonomy":"category","embeddable":true,"href":"https:\/\/elcafedepipa.com\/index.php\/wp-json\/wp\/v2\/categories?post=4196"},{"taxonomy":"post_tag","embeddable":true,"href":"https:\/\/elcafedepipa.com\/index.php\/wp-json\/wp\/v2\/tags?post=4196"}],"curies":[{"name":"wp","href":"https:\/\/api.w.org\/{rel}","templated":true}]}}