{"id":4192,"date":"2024-08-09T13:15:00","date_gmt":"2024-08-09T11:15:00","guid":{"rendered":"https:\/\/elcafedepipa.com\/?p=4192"},"modified":"2024-08-09T09:53:29","modified_gmt":"2024-08-09T07:53:29","slug":"podcast-alfondeguilla-es-prepara-per-a-les-festes-en-honor-a-la-mare-de-deu-de-lassumpcio","status":"publish","type":"post","link":"https:\/\/elcafedepipa.com\/index.php\/2024\/08\/09\/podcast-alfondeguilla-es-prepara-per-a-les-festes-en-honor-a-la-mare-de-deu-de-lassumpcio\/","title":{"rendered":"Podcast | Alfondeguilla es prepara per a les Festes en Honor a la Mare de D\u00e9u de l&#8217;Assumpci\u00f3"},"content":{"rendered":"\n<p><strong>\u00c0UDIO |<\/strong> Alfondeguilla continua l&#8217;activitat d&#8217;estiu amb les Festes en Honor a la Mare de D\u00e9u de l&#8217;Assumpci\u00f3. L&#8217;alcalde del municipi, Salva Ventura, ens presenta les activitats que s&#8217;han programat per part de la Comissi\u00f3 de Festes 15 d&#8217;Agost, que han incorporat alguna novetat.<\/p>\n\n\n\n<figure class=\"wp-block-audio\"><audio controls src=\"https:\/\/elcafedepipa.com\/wp-content\/uploads\/2024\/08\/salvaventura.mp3\"><\/audio><\/figure>\n\n\n\n<p><\/p>\n","protected":false},"excerpt":{"rendered":"<p>\u00c0UDIO | Alfondeguilla continua l&#8217;activitat d&#8217;estiu amb les Festes en Honor a la Mare de D\u00e9u de l&#8217;Assumpci\u00f3. L&#8217;alcalde del municipi, Salva Ventura, ens presenta les activitats que s&#8217;han programat per part de la Comissi\u00f3 de Festes 15 d&#8217;Agost, que han incorporat alguna novetat.<\/p>\n","protected":false},"author":2,"featured_media":4193,"comment_status":"open","ping_status":"open","sticky":false,"template":"","format":"standard","meta":{"om_disable_all_campaigns":false,"_monsterinsights_skip_tracking":false,"_monsterinsights_sitenote_active":false,"_monsterinsights_sitenote_note":"","_monsterinsights_sitenote_category":0,"_uf_show_specific_survey":0,"_uf_disable_surveys":false,"footnotes":""},"categories":[9],"tags":[],"class_list":["post-4192","post","type-post","status-publish","format-standard","has-post-thumbnail","hentry","category-alfondeguilla"],"_links":{"self":[{"href":"https:\/\/elcafedepipa.com\/index.php\/wp-json\/wp\/v2\/posts\/4192","targetHints":{"allow":["GET"]}}],"collection":[{"href":"https:\/\/elcafedepipa.com\/index.php\/wp-json\/wp\/v2\/posts"}],"about":[{"href":"https:\/\/elcafedepipa.com\/index.php\/wp-json\/wp\/v2\/types\/post"}],"author":[{"embeddable":true,"href":"https:\/\/elcafedepipa.com\/index.php\/wp-json\/wp\/v2\/users\/2"}],"replies":[{"embeddable":true,"href":"https:\/\/elcafedepipa.com\/index.php\/wp-json\/wp\/v2\/comments?post=4192"}],"version-history":[{"count":0,"href":"https:\/\/elcafedepipa.com\/index.php\/wp-json\/wp\/v2\/posts\/4192\/revisions"}],"wp:featuredmedia":[{"embeddable":true,"href":"https:\/\/elcafedepipa.com\/index.php\/wp-json\/wp\/v2\/media\/4193"}],"wp:attachment":[{"href":"https:\/\/elcafedepipa.com\/index.php\/wp-json\/wp\/v2\/media?parent=4192"}],"wp:term":[{"taxonomy":"category","embeddable":true,"href":"https:\/\/elcafedepipa.com\/index.php\/wp-json\/wp\/v2\/categories?post=4192"},{"taxonomy":"post_tag","embeddable":true,"href":"https:\/\/elcafedepipa.com\/index.php\/wp-json\/wp\/v2\/tags?post=4192"}],"curies":[{"name":"wp","href":"https:\/\/api.w.org\/{rel}","templated":true}]}}