{"id":4184,"date":"2024-08-09T13:00:00","date_gmt":"2024-08-09T11:00:00","guid":{"rendered":"https:\/\/elcafedepipa.com\/?p=4184"},"modified":"2024-08-09T09:39:14","modified_gmt":"2024-08-09T07:39:14","slug":"podcast-moncofa-arranca-les-festes-de-sant-roc-2024","status":"publish","type":"post","link":"https:\/\/elcafedepipa.com\/index.php\/2024\/08\/09\/podcast-moncofa-arranca-les-festes-de-sant-roc-2024\/","title":{"rendered":"Podcast | Moncofa arranca les Festes de Sant Roc 2024"},"content":{"rendered":"\n<p><strong>\u00c0UDIO |<\/strong> La regidora de Festes a l&#8217;Ajuntament de Moncofa, Maria Teresa Alemany, ens detalla tota la programaci\u00f3 que protagonitzar\u00e0 les Festes de Sant Roc 2024 al municipi.<\/p>\n\n\n\n<figure class=\"wp-block-audio\"><audio controls src=\"https:\/\/elcafedepipa.com\/wp-content\/uploads\/2024\/08\/alemany9agost.mp3\"><\/audio><\/figure>\n\n\n\n<p><\/p>\n","protected":false},"excerpt":{"rendered":"<p>\u00c0UDIO | La regidora de Festes a l&#8217;Ajuntament de Moncofa, Maria Teresa Alemany, ens detalla tota la programaci\u00f3 que protagonitzar\u00e0 les Festes de Sant Roc 2024 al municipi.<\/p>\n","protected":false},"author":2,"featured_media":4185,"comment_status":"closed","ping_status":"closed","sticky":false,"template":"","format":"standard","meta":{"om_disable_all_campaigns":false,"_monsterinsights_skip_tracking":false,"_monsterinsights_sitenote_active":false,"_monsterinsights_sitenote_note":"","_monsterinsights_sitenote_category":0,"_uf_show_specific_survey":0,"_uf_disable_surveys":false,"footnotes":""},"categories":[4],"tags":[],"class_list":["post-4184","post","type-post","status-publish","format-standard","has-post-thumbnail","hentry","category-moncofa"],"_links":{"self":[{"href":"https:\/\/elcafedepipa.com\/index.php\/wp-json\/wp\/v2\/posts\/4184","targetHints":{"allow":["GET"]}}],"collection":[{"href":"https:\/\/elcafedepipa.com\/index.php\/wp-json\/wp\/v2\/posts"}],"about":[{"href":"https:\/\/elcafedepipa.com\/index.php\/wp-json\/wp\/v2\/types\/post"}],"author":[{"embeddable":true,"href":"https:\/\/elcafedepipa.com\/index.php\/wp-json\/wp\/v2\/users\/2"}],"replies":[{"embeddable":true,"href":"https:\/\/elcafedepipa.com\/index.php\/wp-json\/wp\/v2\/comments?post=4184"}],"version-history":[{"count":0,"href":"https:\/\/elcafedepipa.com\/index.php\/wp-json\/wp\/v2\/posts\/4184\/revisions"}],"wp:featuredmedia":[{"embeddable":true,"href":"https:\/\/elcafedepipa.com\/index.php\/wp-json\/wp\/v2\/media\/4185"}],"wp:attachment":[{"href":"https:\/\/elcafedepipa.com\/index.php\/wp-json\/wp\/v2\/media?parent=4184"}],"wp:term":[{"taxonomy":"category","embeddable":true,"href":"https:\/\/elcafedepipa.com\/index.php\/wp-json\/wp\/v2\/categories?post=4184"},{"taxonomy":"post_tag","embeddable":true,"href":"https:\/\/elcafedepipa.com\/index.php\/wp-json\/wp\/v2\/tags?post=4184"}],"curies":[{"name":"wp","href":"https:\/\/api.w.org\/{rel}","templated":true}]}}