{"id":4167,"date":"2024-08-08T11:18:21","date_gmt":"2024-08-08T09:18:21","guid":{"rendered":"https:\/\/elcafedepipa.com\/?p=4167"},"modified":"2024-08-08T11:18:24","modified_gmt":"2024-08-08T09:18:24","slug":"laura-parejo-encapcala-el-concurs-de-ramaderies","status":"publish","type":"post","link":"https:\/\/elcafedepipa.com\/index.php\/2024\/08\/08\/laura-parejo-encapcala-el-concurs-de-ramaderies\/","title":{"rendered":"Laura Parejo encap\u00e7ala el concurs de ramaderies"},"content":{"rendered":"\n<p>Hui s&#8217;ha repr\u00e9s la programaci\u00f3 taurina de Les Penyes en Festes amb el tancament de la ramaderia d&#8217;Alberto Garrido, de Torre d&#8217;en Domenech, que tamb\u00e9 ha transcorregut sense incidents. Els serveis m\u00e8dics nom\u00e9s han at\u00e9s dos caigudes amb erosions per abrasi\u00f3 d&#8217;asfalt i contusions en genolls. Tamb\u00e9 la nit taurina d&#8217;ahir va acabar sense incidents.<\/p>\n\n\n\n<p>La m\u00edtica ramaderia de Fernando Machancoses, de Xest, acapara tot el protagonisme en l&#8217;apartat taur\u00ed d&#8217;aquesta vesprada. Un concurs que de moment encap\u00e7ala amb 136,5 punts la ramaderia de Laura Parejo, que va participar ahir dimecres, seguida de La Paloma en 126,5 punts i tanca Hermanos Navarr\u00e9 en 83.<\/p>\n\n\n\n<p>La nit taurina de hui ser\u00e0 un homenatge a la ramaderia de Hermanos Ozcoz amb els millors bous i vaques de la ramaderia de Hermanos Oliva Escudero (Saragossa).<\/p>\n","protected":false},"excerpt":{"rendered":"<p>Hui s&#8217;ha repr\u00e9s la programaci\u00f3 taurina de Les Penyes en Festes amb el tancament de la ramaderia d&#8217;Alberto Garrido, de Torre d&#8217;en Domenech, que tamb\u00e9 ha transcorregut sense incidents. Els serveis m\u00e8dics nom\u00e9s han at\u00e9s dos caigudes amb erosions per abrasi\u00f3 d&#8217;asfalt i contusions en genolls. Tamb\u00e9 la nit taurina d&#8217;ahir va acabar sense incidents. &#8230; <a title=\"Laura Parejo encap\u00e7ala el concurs de ramaderies\" class=\"read-more\" href=\"https:\/\/elcafedepipa.com\/index.php\/2024\/08\/08\/laura-parejo-encapcala-el-concurs-de-ramaderies\/\" aria-label=\"M\u00e9s informaci\u00f3 sobre Laura Parejo encap\u00e7ala el concurs de ramaderies\">Read more<\/a><\/p>\n","protected":false},"author":2,"featured_media":4168,"comment_status":"closed","ping_status":"closed","sticky":false,"template":"","format":"standard","meta":{"om_disable_all_campaigns":false,"_monsterinsights_skip_tracking":false,"_monsterinsights_sitenote_active":false,"_monsterinsights_sitenote_note":"","_monsterinsights_sitenote_category":0,"_uf_show_specific_survey":0,"_uf_disable_surveys":false,"footnotes":""},"categories":[1],"tags":[],"class_list":["post-4167","post","type-post","status-publish","format-standard","has-post-thumbnail","hentry","category-non-classe"],"_links":{"self":[{"href":"https:\/\/elcafedepipa.com\/index.php\/wp-json\/wp\/v2\/posts\/4167","targetHints":{"allow":["GET"]}}],"collection":[{"href":"https:\/\/elcafedepipa.com\/index.php\/wp-json\/wp\/v2\/posts"}],"about":[{"href":"https:\/\/elcafedepipa.com\/index.php\/wp-json\/wp\/v2\/types\/post"}],"author":[{"embeddable":true,"href":"https:\/\/elcafedepipa.com\/index.php\/wp-json\/wp\/v2\/users\/2"}],"replies":[{"embeddable":true,"href":"https:\/\/elcafedepipa.com\/index.php\/wp-json\/wp\/v2\/comments?post=4167"}],"version-history":[{"count":0,"href":"https:\/\/elcafedepipa.com\/index.php\/wp-json\/wp\/v2\/posts\/4167\/revisions"}],"wp:featuredmedia":[{"embeddable":true,"href":"https:\/\/elcafedepipa.com\/index.php\/wp-json\/wp\/v2\/media\/4168"}],"wp:attachment":[{"href":"https:\/\/elcafedepipa.com\/index.php\/wp-json\/wp\/v2\/media?parent=4167"}],"wp:term":[{"taxonomy":"category","embeddable":true,"href":"https:\/\/elcafedepipa.com\/index.php\/wp-json\/wp\/v2\/categories?post=4167"},{"taxonomy":"post_tag","embeddable":true,"href":"https:\/\/elcafedepipa.com\/index.php\/wp-json\/wp\/v2\/tags?post=4167"}],"curies":[{"name":"wp","href":"https:\/\/api.w.org\/{rel}","templated":true}]}}