{"id":4138,"date":"2024-08-07T14:04:56","date_gmt":"2024-08-07T12:04:56","guid":{"rendered":"https:\/\/elcafedepipa.com\/?p=4138"},"modified":"2024-08-07T14:04:58","modified_gmt":"2024-08-07T12:04:58","slug":"podcast-actualitat-i-penyes-amb-alberto-almazan-director-de-la-caixa-sant-vicent","status":"publish","type":"post","link":"https:\/\/elcafedepipa.com\/index.php\/2024\/08\/07\/podcast-actualitat-i-penyes-amb-alberto-almazan-director-de-la-caixa-sant-vicent\/","title":{"rendered":"Podcast | Actualitat i penyes amb Alberto Almaz\u00e1n, director de la Caixa Sant Vicent"},"content":{"rendered":"\n<p><strong>\u00c0UDIO | <\/strong>Amb Alberto Almaz\u00e1n, director de la Caixa Sant Vicent, comentem l&#8217;ambient de la setmana de Les Penyes en Festes, una programaci\u00f3 amb la qual des de l&#8217;entitat col\u00b7laboren amb el Dia de les Xarangues. Ens parla tamb\u00e9 del pr\u00e9stec que han signat amb la Comunitat de Regants de la Vall d&#8217;Uix\u00f3 per a poder construir una nova bassa.<\/p>\n\n\n\n<figure class=\"wp-block-audio\"><audio controls src=\"https:\/\/elcafedepipa.com\/wp-content\/uploads\/2024\/08\/alberto7agost.mp3\"><\/audio><\/figure>\n","protected":false},"excerpt":{"rendered":"<p>\u00c0UDIO | Amb Alberto Almaz\u00e1n, director de la Caixa Sant Vicent, comentem l&#8217;ambient de la setmana de Les Penyes en Festes, una programaci\u00f3 amb la qual des de l&#8217;entitat col\u00b7laboren amb el Dia de les Xarangues. Ens parla tamb\u00e9 del pr\u00e9stec que han signat amb la Comunitat de Regants de la Vall d&#8217;Uix\u00f3 per a &#8230; <a title=\"Podcast | Actualitat i penyes amb Alberto Almaz\u00e1n, director de la Caixa Sant Vicent\" class=\"read-more\" href=\"https:\/\/elcafedepipa.com\/index.php\/2024\/08\/07\/podcast-actualitat-i-penyes-amb-alberto-almazan-director-de-la-caixa-sant-vicent\/\" aria-label=\"M\u00e9s informaci\u00f3 sobre Podcast | Actualitat i penyes amb Alberto Almaz\u00e1n, director de la Caixa Sant Vicent\">Read more<\/a><\/p>\n","protected":false},"author":2,"featured_media":4140,"comment_status":"closed","ping_status":"closed","sticky":false,"template":"","format":"standard","meta":{"om_disable_all_campaigns":false,"_monsterinsights_skip_tracking":false,"_monsterinsights_sitenote_active":false,"_monsterinsights_sitenote_note":"","_monsterinsights_sitenote_category":0,"_uf_show_specific_survey":0,"_uf_disable_surveys":false,"footnotes":""},"categories":[2],"tags":[],"class_list":["post-4138","post","type-post","status-publish","format-standard","has-post-thumbnail","hentry","category-lavallduixo"],"_links":{"self":[{"href":"https:\/\/elcafedepipa.com\/index.php\/wp-json\/wp\/v2\/posts\/4138","targetHints":{"allow":["GET"]}}],"collection":[{"href":"https:\/\/elcafedepipa.com\/index.php\/wp-json\/wp\/v2\/posts"}],"about":[{"href":"https:\/\/elcafedepipa.com\/index.php\/wp-json\/wp\/v2\/types\/post"}],"author":[{"embeddable":true,"href":"https:\/\/elcafedepipa.com\/index.php\/wp-json\/wp\/v2\/users\/2"}],"replies":[{"embeddable":true,"href":"https:\/\/elcafedepipa.com\/index.php\/wp-json\/wp\/v2\/comments?post=4138"}],"version-history":[{"count":0,"href":"https:\/\/elcafedepipa.com\/index.php\/wp-json\/wp\/v2\/posts\/4138\/revisions"}],"wp:featuredmedia":[{"embeddable":true,"href":"https:\/\/elcafedepipa.com\/index.php\/wp-json\/wp\/v2\/media\/4140"}],"wp:attachment":[{"href":"https:\/\/elcafedepipa.com\/index.php\/wp-json\/wp\/v2\/media?parent=4138"}],"wp:term":[{"taxonomy":"category","embeddable":true,"href":"https:\/\/elcafedepipa.com\/index.php\/wp-json\/wp\/v2\/categories?post=4138"},{"taxonomy":"post_tag","embeddable":true,"href":"https:\/\/elcafedepipa.com\/index.php\/wp-json\/wp\/v2\/tags?post=4138"}],"curies":[{"name":"wp","href":"https:\/\/api.w.org\/{rel}","templated":true}]}}