{"id":4128,"date":"2024-08-07T13:04:59","date_gmt":"2024-08-07T11:04:59","guid":{"rendered":"https:\/\/elcafedepipa.com\/?p=4128"},"modified":"2024-08-07T13:05:02","modified_gmt":"2024-08-07T11:05:02","slug":"podcast-nules-es-prepara-per-al-dese-aniversari-de-la-nit-dels-farolets","status":"publish","type":"post","link":"https:\/\/elcafedepipa.com\/index.php\/2024\/08\/07\/podcast-nules-es-prepara-per-al-dese-aniversari-de-la-nit-dels-farolets\/","title":{"rendered":"Podcast | Nules es prepara per al des\u00e9 aniversari de la Nit dels Farolets"},"content":{"rendered":"\n<p><strong>\u00c0UDIO |<\/strong> Nules celebrar\u00e0 dem\u00e0 la desena Nits dels Farolets, despr\u00e9s que aquesta tradici\u00f3 es recuperara gr\u00e0cies a les associacions La Corretjola i Ve\u00efns de la Mar de Nules i l&#8217;ajuntament del municipi. Ser\u00e0 una vesprada i nit molt especial, que comen\u00e7ar\u00e0 a les 19h a l&#8217;estany amb un taller, seguit d&#8217;una cercavila per la platja a partir de les 22h. Ens ho conta el regidor de Tradicions, Ram\u00f3n Mart\u00ednez, junt amb Teresa Cercos, des de l&#8217;Associaci\u00f3 Cultural La Corretjola, i Marisol Carregu\u00ed, des de l&#8217;Associaci\u00f3 Ve\u00efns de la Mar de Nules.<\/p>\n\n\n\n<figure class=\"wp-block-audio\"><audio controls src=\"https:\/\/elcafedepipa.com\/wp-content\/uploads\/2024\/08\/nules7agost.mp3\"><\/audio><\/figure>\n\n\n\n<p><\/p>\n","protected":false},"excerpt":{"rendered":"<p>\u00c0UDIO | Nules celebrar\u00e0 dem\u00e0 la desena Nits dels Farolets, despr\u00e9s que aquesta tradici\u00f3 es recuperara gr\u00e0cies a les associacions La Corretjola i Ve\u00efns de la Mar de Nules i l&#8217;ajuntament del municipi. Ser\u00e0 una vesprada i nit molt especial, que comen\u00e7ar\u00e0 a les 19h a l&#8217;estany amb un taller, seguit d&#8217;una cercavila per la &#8230; <a title=\"Podcast | Nules es prepara per al des\u00e9 aniversari de la Nit dels Farolets\" class=\"read-more\" href=\"https:\/\/elcafedepipa.com\/index.php\/2024\/08\/07\/podcast-nules-es-prepara-per-al-dese-aniversari-de-la-nit-dels-farolets\/\" aria-label=\"M\u00e9s informaci\u00f3 sobre Podcast | Nules es prepara per al des\u00e9 aniversari de la Nit dels Farolets\">Read more<\/a><\/p>\n","protected":false},"author":2,"featured_media":4129,"comment_status":"closed","ping_status":"closed","sticky":false,"template":"","format":"standard","meta":{"om_disable_all_campaigns":false,"_monsterinsights_skip_tracking":false,"_monsterinsights_sitenote_active":false,"_monsterinsights_sitenote_note":"","_monsterinsights_sitenote_category":0,"_uf_show_specific_survey":0,"_uf_disable_surveys":false,"footnotes":""},"categories":[3],"tags":[],"class_list":["post-4128","post","type-post","status-publish","format-standard","has-post-thumbnail","hentry","category-nules"],"_links":{"self":[{"href":"https:\/\/elcafedepipa.com\/index.php\/wp-json\/wp\/v2\/posts\/4128","targetHints":{"allow":["GET"]}}],"collection":[{"href":"https:\/\/elcafedepipa.com\/index.php\/wp-json\/wp\/v2\/posts"}],"about":[{"href":"https:\/\/elcafedepipa.com\/index.php\/wp-json\/wp\/v2\/types\/post"}],"author":[{"embeddable":true,"href":"https:\/\/elcafedepipa.com\/index.php\/wp-json\/wp\/v2\/users\/2"}],"replies":[{"embeddable":true,"href":"https:\/\/elcafedepipa.com\/index.php\/wp-json\/wp\/v2\/comments?post=4128"}],"version-history":[{"count":0,"href":"https:\/\/elcafedepipa.com\/index.php\/wp-json\/wp\/v2\/posts\/4128\/revisions"}],"wp:featuredmedia":[{"embeddable":true,"href":"https:\/\/elcafedepipa.com\/index.php\/wp-json\/wp\/v2\/media\/4129"}],"wp:attachment":[{"href":"https:\/\/elcafedepipa.com\/index.php\/wp-json\/wp\/v2\/media?parent=4128"}],"wp:term":[{"taxonomy":"category","embeddable":true,"href":"https:\/\/elcafedepipa.com\/index.php\/wp-json\/wp\/v2\/categories?post=4128"},{"taxonomy":"post_tag","embeddable":true,"href":"https:\/\/elcafedepipa.com\/index.php\/wp-json\/wp\/v2\/tags?post=4128"}],"curies":[{"name":"wp","href":"https:\/\/api.w.org\/{rel}","templated":true}]}}