{"id":4125,"date":"2024-08-07T12:18:45","date_gmt":"2024-08-07T10:18:45","guid":{"rendered":"https:\/\/elcafedepipa.com\/?p=4125"},"modified":"2024-08-07T12:18:47","modified_gmt":"2024-08-07T10:18:47","slug":"la-llosa-inaugurara-nous-torils-per-a-les-festes-patronals","status":"publish","type":"post","link":"https:\/\/elcafedepipa.com\/index.php\/2024\/08\/07\/la-llosa-inaugurara-nous-torils-per-a-les-festes-patronals\/","title":{"rendered":"La Llosa inaugurar\u00e0 nous torils per a les festes patronals"},"content":{"rendered":"\n<p>Les festes patronals de&nbsp;La&nbsp;Llosa, en honor a Sant Felip Neri i Sant Isidre Llaurador, comptaran amb nous torils gr\u00e0cies al treball dels alumnes-treballadors dels tallers d&#8217;ocupaci\u00f3.<\/p>\n\n\n\n<p>Els nous torils, situats al costat de l&#8217;Ajuntament i la&nbsp;pla\u00e7a&nbsp;d&#8217;Espanya, on es realitzen les exhibicions taurines, estan pr\u00e0cticament finalitzats. Les portes s&#8217;han pintat de verd, emulant els torils de la pla\u00e7a de bous i incloent la bandera d&#8217;Espanya.<\/p>\n\n\n\n<p>L&#8217;alcalde, Ximo Llopis, ha destacat la nova infraestructura, que compta amb sis corrals diferenciats, un fossat per a desc\u00e0rrega dels bous, una passarel\u00b7la superior per a alimentar els animals i les entrades i eixides corresponents. Ha valorat positivament el treball dels alumnes-treballadors, ressaltant la utilitat dels torils en tots els esdeveniments taurins del municipi.<\/p>\n","protected":false},"excerpt":{"rendered":"<p>Les festes patronals de&nbsp;La&nbsp;Llosa, en honor a Sant Felip Neri i Sant Isidre Llaurador, comptaran amb nous torils gr\u00e0cies al treball dels alumnes-treballadors dels tallers d&#8217;ocupaci\u00f3. Els nous torils, situats al costat de l&#8217;Ajuntament i la&nbsp;pla\u00e7a&nbsp;d&#8217;Espanya, on es realitzen les exhibicions taurines, estan pr\u00e0cticament finalitzats. Les portes s&#8217;han pintat de verd, emulant els torils de &#8230; <a title=\"La Llosa inaugurar\u00e0 nous torils per a les festes patronals\" class=\"read-more\" href=\"https:\/\/elcafedepipa.com\/index.php\/2024\/08\/07\/la-llosa-inaugurara-nous-torils-per-a-les-festes-patronals\/\" aria-label=\"M\u00e9s informaci\u00f3 sobre La Llosa inaugurar\u00e0 nous torils per a les festes patronals\">Read more<\/a><\/p>\n","protected":false},"author":2,"featured_media":4126,"comment_status":"closed","ping_status":"closed","sticky":false,"template":"","format":"standard","meta":{"om_disable_all_campaigns":false,"_monsterinsights_skip_tracking":false,"_monsterinsights_sitenote_active":false,"_monsterinsights_sitenote_note":"","_monsterinsights_sitenote_category":0,"_uf_show_specific_survey":0,"_uf_disable_surveys":false,"footnotes":""},"categories":[8],"tags":[],"class_list":["post-4125","post","type-post","status-publish","format-standard","has-post-thumbnail","hentry","category-lallosa"],"_links":{"self":[{"href":"https:\/\/elcafedepipa.com\/index.php\/wp-json\/wp\/v2\/posts\/4125","targetHints":{"allow":["GET"]}}],"collection":[{"href":"https:\/\/elcafedepipa.com\/index.php\/wp-json\/wp\/v2\/posts"}],"about":[{"href":"https:\/\/elcafedepipa.com\/index.php\/wp-json\/wp\/v2\/types\/post"}],"author":[{"embeddable":true,"href":"https:\/\/elcafedepipa.com\/index.php\/wp-json\/wp\/v2\/users\/2"}],"replies":[{"embeddable":true,"href":"https:\/\/elcafedepipa.com\/index.php\/wp-json\/wp\/v2\/comments?post=4125"}],"version-history":[{"count":0,"href":"https:\/\/elcafedepipa.com\/index.php\/wp-json\/wp\/v2\/posts\/4125\/revisions"}],"wp:featuredmedia":[{"embeddable":true,"href":"https:\/\/elcafedepipa.com\/index.php\/wp-json\/wp\/v2\/media\/4126"}],"wp:attachment":[{"href":"https:\/\/elcafedepipa.com\/index.php\/wp-json\/wp\/v2\/media?parent=4125"}],"wp:term":[{"taxonomy":"category","embeddable":true,"href":"https:\/\/elcafedepipa.com\/index.php\/wp-json\/wp\/v2\/categories?post=4125"},{"taxonomy":"post_tag","embeddable":true,"href":"https:\/\/elcafedepipa.com\/index.php\/wp-json\/wp\/v2\/tags?post=4125"}],"curies":[{"name":"wp","href":"https:\/\/api.w.org\/{rel}","templated":true}]}}