{"id":4122,"date":"2024-08-07T12:02:05","date_gmt":"2024-08-07T10:02:05","guid":{"rendered":"https:\/\/elcafedepipa.com\/?p=4122"},"modified":"2024-08-07T12:02:07","modified_gmt":"2024-08-07T10:02:07","slug":"la-diputacio-de-castello-impulsa-la-rehabilitacio-del-patrimoni-historic-de-barracas","status":"publish","type":"post","link":"https:\/\/elcafedepipa.com\/index.php\/2024\/08\/07\/la-diputacio-de-castello-impulsa-la-rehabilitacio-del-patrimoni-historic-de-barracas\/","title":{"rendered":"La Diputaci\u00f3 de Castell\u00f3 impulsa la rehabilitaci\u00f3 del patrimoni hist\u00f2ric de\u00a0Barracas"},"content":{"rendered":"\n<p><strong>La presidenta de la Diputaci\u00f3 Provincial de Castell\u00f3 anuncia el conveni de col\u00b7laboraci\u00f3 amb la Parr\u00f2quia de San Pedro Ap\u00f3stol de Barracas amb una inversi\u00f3 de 129.000 euros<\/strong><\/p>\n\n\n\n<p>La presidenta de la Diputaci\u00f3 Provincial de Castell\u00f3, Marta&nbsp;Barrachina,&nbsp;contribu\u00efx&nbsp;a la millora del patrimoni hist\u00f2ric de la prov\u00edncia com a recurs cultural i tur\u00edstic del territori i com a motor de desenvolupament econ\u00f2mic.<\/p>\n\n\n\n<p>La m\u00e0xima dirigent de la instituci\u00f3 provincial es va despla\u00e7ar a&nbsp;Barracas&nbsp;per a anunciar el conveni de col\u00b7laboraci\u00f3 entre la Diputaci\u00f3 de Castell\u00f3 i la Parr\u00f2quia de San Pedro&nbsp;Ap\u00f3stol&nbsp;de&nbsp;Barracas, que&nbsp;ascendix&nbsp;a 129.000 euros i que possibilitar\u00e0 la rehabilitaci\u00f3 de la torre del campanar amb la finalitat d&#8217;evitar la seua deterioraci\u00f3 i conservar el seu patrimoni.<\/p>\n\n\n\n<p>\u201cAquestes ajudes directes responen al treball que estem fent des del Govern provincial per a ser una instituci\u00f3 que, a trav\u00e9s de fets i accions concretes i reals, done resposta a les necessitats dels municipis de la nostra prov\u00edncia\u201d, ha expressat la presidenta Marta&nbsp;Barrachina.<\/p>\n\n\n\n<p>En l&#8217;actuaci\u00f3 prevista es contempla la millora tant de la part interior de la torre del campanar, com de la part exterior, on es realitzar\u00e0 una neteja integral de la fa\u00e7ana per a retornar al temple parroquial tota la seua esplendor.<\/p>\n\n\n\n<p>En l&#8217;actualitat, la torre del campanar es troba en un estat de conservaci\u00f3 deficient, per la qual cosa \u00e9s \u201cnecess\u00e0ria i urgent la seua restauraci\u00f3 i adequaci\u00f3 donada la perillositat que presenta\u201d.<\/p>\n\n\n\n<p>Aix\u00ed ho ha expressat la presidenta Marta&nbsp;Barrachina, qui ha afegit que \u201cla Diputaci\u00f3 de Castell\u00f3 est\u00e0 al servei dels municipis de la nostra prov\u00edncia i apostem per impulsar actuacions necess\u00e0ries encaminades a recuperar i&nbsp;posar en valor&nbsp;el ric patrimoni hist\u00f2ric de la nostra terra\u201d.<\/p>\n\n\n\n<p>\u201cDes de la instituci\u00f3 provincial treballem per a mantindre el patrimoni de Castell\u00f3 en les millors condicions possibles, ja que \u00e9s un important recurs cultural i tur\u00edstic, un dinamitzador del territori i un motor de desenvolupament econ\u00f2mic en tota la nostra prov\u00edncia\u201d, ha subratllat la presidenta del govern provincial.<\/p>\n\n\n\n<p>En aquest sentit, Marta&nbsp;Barrachina&nbsp;ha manifestat que \u201cel nostre patrimoni, a m\u00e9s de mostrar-nos la nostra identitat,&nbsp;oferix&nbsp;als nostres pobles, sobretot als m\u00e9s xicotets, la possibilitat de ser un important generador de riquesa i un reclam tur\u00edstic\u201d, per la qual cosa ha posat l&#8217;accent en la import\u00e0ncia de mantindre&#8217;l en bon estat i&nbsp;posar-lo en valor.<\/p>\n\n\n\n<p>\u201cEl patrimoni \u00e9s un pilar fonamental de la nostra cultura, ja que \u00e9s un reflex de la nostra hist\u00f2ria, de manera que les administracions hem d&#8217;implicar-nos en la conservaci\u00f3 de tots els elements que el formen\u201d, ha afegit la dirigent provincial.<\/p>\n\n\n\n<p>De fet, tal com ha assenyalat la presidenta, \u201cprenen especial rellev\u00e0ncia les intervencions de manteniment i conservaci\u00f3 en edificis hist\u00f2rics emblem\u00e0tics dels nostres municipis, com \u00e9s el cas de l&#8217;Esgl\u00e9sia Parroquial de&nbsp;Barracas, considerada B\u00e9 Immaterial de Rellev\u00e0ncia Local per pert\u00e0nyer a l&#8217;arquitectura religiosa anterior a l&#8217;any 1940\u201d.<\/p>\n\n\n\n<p>El conjunt de l&#8217;Esgl\u00e9sia San Pedro&nbsp;Ap\u00f3stol&nbsp;representa un element cultural i patrimonial molt arrelat en la localitat, per la qual cosa, les obres que es realitzaran en el campanar \u201csalvaguarden tamb\u00e9 el valor sentimental i el valor identitari que suposa aquest edifici per als ve\u00efns i ve\u00efnes de&nbsp;Barracas\u201d, ha incidit la presidenta Marta&nbsp;Barrachina.<\/p>\n","protected":false},"excerpt":{"rendered":"<p>La presidenta de la Diputaci\u00f3 Provincial de Castell\u00f3 anuncia el conveni de col\u00b7laboraci\u00f3 amb la Parr\u00f2quia de San Pedro Ap\u00f3stol de Barracas amb una inversi\u00f3 de 129.000 euros La presidenta de la Diputaci\u00f3 Provincial de Castell\u00f3, Marta&nbsp;Barrachina,&nbsp;contribu\u00efx&nbsp;a la millora del patrimoni hist\u00f2ric de la prov\u00edncia com a recurs cultural i tur\u00edstic del territori i com &#8230; <a title=\"La Diputaci\u00f3 de Castell\u00f3 impulsa la rehabilitaci\u00f3 del patrimoni hist\u00f2ric de\u00a0Barracas\" class=\"read-more\" href=\"https:\/\/elcafedepipa.com\/index.php\/2024\/08\/07\/la-diputacio-de-castello-impulsa-la-rehabilitacio-del-patrimoni-historic-de-barracas\/\" aria-label=\"M\u00e9s informaci\u00f3 sobre La Diputaci\u00f3 de Castell\u00f3 impulsa la rehabilitaci\u00f3 del patrimoni hist\u00f2ric de\u00a0Barracas\">Read more<\/a><\/p>\n","protected":false},"author":2,"featured_media":4123,"comment_status":"closed","ping_status":"closed","sticky":false,"template":"","format":"standard","meta":{"om_disable_all_campaigns":false,"_monsterinsights_skip_tracking":false,"_monsterinsights_sitenote_active":false,"_monsterinsights_sitenote_note":"","_monsterinsights_sitenote_category":0,"_uf_show_specific_survey":0,"_uf_disable_surveys":false,"footnotes":""},"categories":[10],"tags":[],"class_list":["post-4122","post","type-post","status-publish","format-standard","has-post-thumbnail","hentry","category-provinciadecastello"],"_links":{"self":[{"href":"https:\/\/elcafedepipa.com\/index.php\/wp-json\/wp\/v2\/posts\/4122","targetHints":{"allow":["GET"]}}],"collection":[{"href":"https:\/\/elcafedepipa.com\/index.php\/wp-json\/wp\/v2\/posts"}],"about":[{"href":"https:\/\/elcafedepipa.com\/index.php\/wp-json\/wp\/v2\/types\/post"}],"author":[{"embeddable":true,"href":"https:\/\/elcafedepipa.com\/index.php\/wp-json\/wp\/v2\/users\/2"}],"replies":[{"embeddable":true,"href":"https:\/\/elcafedepipa.com\/index.php\/wp-json\/wp\/v2\/comments?post=4122"}],"version-history":[{"count":0,"href":"https:\/\/elcafedepipa.com\/index.php\/wp-json\/wp\/v2\/posts\/4122\/revisions"}],"wp:featuredmedia":[{"embeddable":true,"href":"https:\/\/elcafedepipa.com\/index.php\/wp-json\/wp\/v2\/media\/4123"}],"wp:attachment":[{"href":"https:\/\/elcafedepipa.com\/index.php\/wp-json\/wp\/v2\/media?parent=4122"}],"wp:term":[{"taxonomy":"category","embeddable":true,"href":"https:\/\/elcafedepipa.com\/index.php\/wp-json\/wp\/v2\/categories?post=4122"},{"taxonomy":"post_tag","embeddable":true,"href":"https:\/\/elcafedepipa.com\/index.php\/wp-json\/wp\/v2\/tags?post=4122"}],"curies":[{"name":"wp","href":"https:\/\/api.w.org\/{rel}","templated":true}]}}