{"id":4092,"date":"2024-08-06T16:22:28","date_gmt":"2024-08-06T14:22:28","guid":{"rendered":"https:\/\/elcafedepipa.com\/?p=4092"},"modified":"2024-08-06T16:22:30","modified_gmt":"2024-08-06T14:22:30","slug":"la-vall-duixo-rep-amb-honors-a-sara-sorribes","status":"publish","type":"post","link":"https:\/\/elcafedepipa.com\/index.php\/2024\/08\/06\/la-vall-duixo-rep-amb-honors-a-sara-sorribes\/","title":{"rendered":"La Vall d&#8217;Uix\u00f3\u00a0rep\u00a0amb honors a Sara Sorribes"},"content":{"rendered":"\n<p><strong>\u00c0UDIO |<\/strong> La tenista professional i campiona ol\u00edmpica de la Vall d&#8217;Uix\u00f3, Sara Sorribes, ha sigut rebuda aquest mat\u00ed al sal\u00f3 de plens de l&#8217;Ajuntament de la Vall. Torna a casa despr\u00e9s de complir un somni i acompanyada per la ciutat que l&#8217;ha vist cr\u00e9ixer com a persona i com a esportista. Escolta les seues declaracions:<\/p>\n\n\n\n<figure class=\"wp-block-audio\"><audio controls src=\"https:\/\/elcafedepipa.com\/wp-content\/uploads\/2024\/08\/Plaza-del-Centro.mp3\"><\/audio><\/figure>\n","protected":false},"excerpt":{"rendered":"<p>\u00c0UDIO | La tenista professional i campiona ol\u00edmpica de la Vall d&#8217;Uix\u00f3, Sara Sorribes, ha sigut rebuda aquest mat\u00ed al sal\u00f3 de plens de l&#8217;Ajuntament de la Vall. Torna a casa despr\u00e9s de complir un somni i acompanyada per la ciutat que l&#8217;ha vist cr\u00e9ixer com a persona i com a esportista. Escolta les seues &#8230; <a title=\"La Vall d&#8217;Uix\u00f3\u00a0rep\u00a0amb honors a Sara Sorribes\" class=\"read-more\" href=\"https:\/\/elcafedepipa.com\/index.php\/2024\/08\/06\/la-vall-duixo-rep-amb-honors-a-sara-sorribes\/\" aria-label=\"M\u00e9s informaci\u00f3 sobre La Vall d&#8217;Uix\u00f3\u00a0rep\u00a0amb honors a Sara Sorribes\">Read more<\/a><\/p>\n","protected":false},"author":2,"featured_media":4095,"comment_status":"closed","ping_status":"closed","sticky":false,"template":"","format":"standard","meta":{"om_disable_all_campaigns":false,"_monsterinsights_skip_tracking":false,"_monsterinsights_sitenote_active":false,"_monsterinsights_sitenote_note":"","_monsterinsights_sitenote_category":0,"_uf_show_specific_survey":0,"_uf_disable_surveys":false,"footnotes":""},"categories":[2],"tags":[],"class_list":["post-4092","post","type-post","status-publish","format-standard","has-post-thumbnail","hentry","category-lavallduixo"],"_links":{"self":[{"href":"https:\/\/elcafedepipa.com\/index.php\/wp-json\/wp\/v2\/posts\/4092","targetHints":{"allow":["GET"]}}],"collection":[{"href":"https:\/\/elcafedepipa.com\/index.php\/wp-json\/wp\/v2\/posts"}],"about":[{"href":"https:\/\/elcafedepipa.com\/index.php\/wp-json\/wp\/v2\/types\/post"}],"author":[{"embeddable":true,"href":"https:\/\/elcafedepipa.com\/index.php\/wp-json\/wp\/v2\/users\/2"}],"replies":[{"embeddable":true,"href":"https:\/\/elcafedepipa.com\/index.php\/wp-json\/wp\/v2\/comments?post=4092"}],"version-history":[{"count":0,"href":"https:\/\/elcafedepipa.com\/index.php\/wp-json\/wp\/v2\/posts\/4092\/revisions"}],"wp:featuredmedia":[{"embeddable":true,"href":"https:\/\/elcafedepipa.com\/index.php\/wp-json\/wp\/v2\/media\/4095"}],"wp:attachment":[{"href":"https:\/\/elcafedepipa.com\/index.php\/wp-json\/wp\/v2\/media?parent=4092"}],"wp:term":[{"taxonomy":"category","embeddable":true,"href":"https:\/\/elcafedepipa.com\/index.php\/wp-json\/wp\/v2\/categories?post=4092"},{"taxonomy":"post_tag","embeddable":true,"href":"https:\/\/elcafedepipa.com\/index.php\/wp-json\/wp\/v2\/tags?post=4092"}],"curies":[{"name":"wp","href":"https:\/\/api.w.org\/{rel}","templated":true}]}}