{"id":4089,"date":"2024-08-06T16:10:27","date_gmt":"2024-08-06T14:10:27","guid":{"rendered":"https:\/\/elcafedepipa.com\/?p=4089"},"modified":"2024-08-06T16:10:29","modified_gmt":"2024-08-06T14:10:29","slug":"finalitzades-les-obres-de-millora-en-la-cv-203-amb-una-inversio-d12-milions-deuros","status":"publish","type":"post","link":"https:\/\/elcafedepipa.com\/index.php\/2024\/08\/06\/finalitzades-les-obres-de-millora-en-la-cv-203-amb-una-inversio-d12-milions-deuros\/","title":{"rendered":"Finalitzades les obres de millora en la CV-203 amb una inversi\u00f3 d&#8217;1,2 milions d&#8217;euros"},"content":{"rendered":"\n<p><strong>La presidenta de la Diputaci\u00f3 de Castell\u00f3, Marta Barrachina, recorre part del tram de la CV-203 entre Ay\u00f3dar i Torralba i subratlla que \u201cinvertir en carreteres significa invertir en qualitat de vida, en seguretat i en infraestructures per al progr\u00e9s de la nostra prov\u00edncia\u201d<\/strong><\/p>\n\n\n\n<p>La presidenta de la Diputaci\u00f3 Provincial de Castell\u00f3, Marta&nbsp;Barrachina, ha visitat la finalitzaci\u00f3 de les obres de millora en la carretera CV-203, que han suposat una inversi\u00f3&nbsp;d&#8217;1,2&nbsp;milions d&#8217;euros. Aquest projecte, anunciat al gener i completat en un temps r\u00e8cord de&nbsp;7&nbsp;mesos, refor\u00e7a la seguretat i la conservaci\u00f3 de la xarxa provincial de carreteres, contribuint a la vertebraci\u00f3 del territori.<\/p>\n\n\n\n<p>\u201cEl passat 11 de gener vam anunciar que la Diputaci\u00f3 invertiria 1.210.000 euros en la CV-203 i hui,&nbsp;7&nbsp;mesos despr\u00e9s, visitem la finalitzaci\u00f3 d\u2019aquesta actuaci\u00f3\u201d, ha assenyalat Marta&nbsp;Barrachina. La presidenta ha destacat el comprom\u00eds de la instituci\u00f3 amb la millora de les infraestructures provincials, essencials per a la cohesi\u00f3 territorial i per a garantir la igualtat d\u2019oportunitats per a tots els castellonencs.<\/p>\n\n\n\n<p>Les obres han incl\u00f2s la millora del drenatge, la renovaci\u00f3 completa del ferm, aix\u00ed com la senyalitzaci\u00f3 horitzontal i vertical i la instal\u00b7laci\u00f3 de sistemes de contenci\u00f3. Segons ha explicat el vicepresident de la Diputaci\u00f3 i responsable d\u2019Infraestructures,&nbsp;H\u00e9ctor&nbsp;Folgado, s\u2019ha ampliat l\u2019ampl\u00e0ria de la cal\u00e7ada fins als 6 metres, millorant aix\u00ed l\u2019accessibilitat i la seguretat per als ve\u00efns de Torralba,&nbsp;Pav\u00edas,&nbsp;Higueras&nbsp;i&nbsp;Ay\u00f3dar.<\/p>\n\n\n\n<p>Marta&nbsp;Barrachina&nbsp;ha qualificat la intervenci\u00f3 entre&nbsp;Ay\u00f3dar&nbsp;i Torralba com una \u201cobra magn\u00edfica\u201d i ha felicitat l\u2019equip t\u00e8cnic pel seu treball en aquesta \u201creivindicaci\u00f3 hist\u00f2rica\u201d que s\u2019ha convertit en realitat. \u201cInvertir en carreteres significa invertir en qualitat de vida, seguretat i en el progr\u00e9s de la nostra prov\u00edncia\u201d, ha subratllat la presidenta, reafirmant el comprom\u00eds de la Diputaci\u00f3 amb els 135 municipis de Castell\u00f3.<\/p>\n","protected":false},"excerpt":{"rendered":"<p>La presidenta de la Diputaci\u00f3 de Castell\u00f3, Marta Barrachina, recorre part del tram de la CV-203 entre Ay\u00f3dar i Torralba i subratlla que \u201cinvertir en carreteres significa invertir en qualitat de vida, en seguretat i en infraestructures per al progr\u00e9s de la nostra prov\u00edncia\u201d La presidenta de la Diputaci\u00f3 Provincial de Castell\u00f3, Marta&nbsp;Barrachina, ha visitat &#8230; <a title=\"Finalitzades les obres de millora en la CV-203 amb una inversi\u00f3 d&#8217;1,2 milions d&#8217;euros\" class=\"read-more\" href=\"https:\/\/elcafedepipa.com\/index.php\/2024\/08\/06\/finalitzades-les-obres-de-millora-en-la-cv-203-amb-una-inversio-d12-milions-deuros\/\" aria-label=\"M\u00e9s informaci\u00f3 sobre Finalitzades les obres de millora en la CV-203 amb una inversi\u00f3 d&#8217;1,2 milions d&#8217;euros\">Read more<\/a><\/p>\n","protected":false},"author":2,"featured_media":4090,"comment_status":"closed","ping_status":"closed","sticky":false,"template":"","format":"standard","meta":{"om_disable_all_campaigns":false,"_monsterinsights_skip_tracking":false,"_monsterinsights_sitenote_active":false,"_monsterinsights_sitenote_note":"","_monsterinsights_sitenote_category":0,"_uf_show_specific_survey":0,"_uf_disable_surveys":false,"footnotes":""},"categories":[10],"tags":[],"class_list":["post-4089","post","type-post","status-publish","format-standard","has-post-thumbnail","hentry","category-provinciadecastello"],"_links":{"self":[{"href":"https:\/\/elcafedepipa.com\/index.php\/wp-json\/wp\/v2\/posts\/4089","targetHints":{"allow":["GET"]}}],"collection":[{"href":"https:\/\/elcafedepipa.com\/index.php\/wp-json\/wp\/v2\/posts"}],"about":[{"href":"https:\/\/elcafedepipa.com\/index.php\/wp-json\/wp\/v2\/types\/post"}],"author":[{"embeddable":true,"href":"https:\/\/elcafedepipa.com\/index.php\/wp-json\/wp\/v2\/users\/2"}],"replies":[{"embeddable":true,"href":"https:\/\/elcafedepipa.com\/index.php\/wp-json\/wp\/v2\/comments?post=4089"}],"version-history":[{"count":0,"href":"https:\/\/elcafedepipa.com\/index.php\/wp-json\/wp\/v2\/posts\/4089\/revisions"}],"wp:featuredmedia":[{"embeddable":true,"href":"https:\/\/elcafedepipa.com\/index.php\/wp-json\/wp\/v2\/media\/4090"}],"wp:attachment":[{"href":"https:\/\/elcafedepipa.com\/index.php\/wp-json\/wp\/v2\/media?parent=4089"}],"wp:term":[{"taxonomy":"category","embeddable":true,"href":"https:\/\/elcafedepipa.com\/index.php\/wp-json\/wp\/v2\/categories?post=4089"},{"taxonomy":"post_tag","embeddable":true,"href":"https:\/\/elcafedepipa.com\/index.php\/wp-json\/wp\/v2\/tags?post=4089"}],"curies":[{"name":"wp","href":"https:\/\/api.w.org\/{rel}","templated":true}]}}