{"id":4046,"date":"2024-08-05T10:35:19","date_gmt":"2024-08-05T08:35:19","guid":{"rendered":"https:\/\/elcafedepipa.com\/?p=4046"},"modified":"2024-08-05T10:35:22","modified_gmt":"2024-08-05T08:35:22","slug":"lajuntament-de-la-vall-duixo-realitza-treballs-de-silvicultura-per-a-previndre-incendis-forestals","status":"publish","type":"post","link":"https:\/\/elcafedepipa.com\/index.php\/2024\/08\/05\/lajuntament-de-la-vall-duixo-realitza-treballs-de-silvicultura-per-a-previndre-incendis-forestals\/","title":{"rendered":"L&#8217;Ajuntament de la Vall d\u2019Uix\u00f3\u00a0realitza\u00a0treballs de silvicultura per a previndre incendis forestals"},"content":{"rendered":"\n<p>L&#8217;Ajuntament de la Vall d\u2019Uix\u00f3 est\u00e0 duent a terme treballs de silvicultura en les zones periurbanes de Sant Josep, Col\u00f2nia Sant Antoni i Grup&nbsp;La&nbsp;Uni\u00f3. Concretament, s&#8217;est\u00e0 netejant la franja que unix la zona forestal amb la urbana, amb l&#8217;objectiu de &#8220;reduir la massa vegetal seca, que \u00e9s molt inflamable en aquesta \u00e8poca de l&#8217;any&#8221;, tal com ha explicat el regidor de Transici\u00f3 Ecol\u00f2gica i Medi Ambient, Marc Seguer.<\/p>\n\n\n\n<p>Aix\u00ed, es crea una dist\u00e0ncia de seguretat per a evitar que &#8220;si es produ\u00efx un incendi en un habitatge no&nbsp;passe&nbsp;a la muntanya i viceversa&#8221;. Aquestes actuacions han estat contractades amb la Cooperativa Agr\u00edcola Sant Isidre per un import de 12.800 euros, provinents d&#8217;una subvenci\u00f3 de la Conselleria d&#8217;Interior, i han estat redu\u00efdes en 5.000 euros respecte a l&#8217;estiu passat.<\/p>\n\n\n\n<p>En aquest sentit, Seguer ha lamentat la retallada, ja que &#8220;precisament l&#8217;any passat vam demanar a la Generalitat Valenciana que s&#8217;augmentaren els recursos, perqu\u00e8 s\u00f3n actuacions realment importants i necess\u00e0ries per a la prevenci\u00f3 d&#8217;incendis en la situaci\u00f3 actual d&#8217;emerg\u00e8ncia clim\u00e0tica&#8221;. Aquesta reducci\u00f3 de les ajudes \u00e9s &#8220;perillosa&#8221; at\u00e9s que afecta tots els municipis, i es produ\u00efx en un moment en qu\u00e8 estem patint sequera i altes temperatures.<\/p>\n\n\n\n<p>Els treballs de silvicultura es realitzen en coordinaci\u00f3 amb la Gu\u00e0rdia Forestal i la Regidoria de Medi Ambient &#8220;per a respectar les esp\u00e8cies protegides i d&#8217;inter\u00e9s flor\u00edstic&#8221;. A m\u00e9s, ha destacat que amb aquestes actuacions es pret\u00e9n &#8220;minimitzar el risc d&#8217;incendi en la mesura del possible, especialment en aquestes zones a les portes de la Serra d&#8217;Espad\u00e0, que tenen un gran valor natural i ecol\u00f2gic&#8221;.<\/p>\n\n\n\n<p>Finalment, ha recordat alguns consells per a les&nbsp;vivendes&nbsp;situades en zones periurbanes, ja que s\u00f3n &#8220;entorns sensibles en qu\u00e8 cal extremar les precaucions&#8221;. Les recomanacions b\u00e0siques s\u00f3n: fer el m\u00ednim foc possible a l&#8217;exterior, guardar en llocs a\u00efllats els materials inflamables i la llenya, mantenir la poda al dia, utilitzar mobiliari de fusta i plantar esp\u00e8cies m\u00e9s resistents al foc.<\/p>\n","protected":false},"excerpt":{"rendered":"<p>L&#8217;Ajuntament de la Vall d\u2019Uix\u00f3 est\u00e0 duent a terme treballs de silvicultura en les zones periurbanes de Sant Josep, Col\u00f2nia Sant Antoni i Grup&nbsp;La&nbsp;Uni\u00f3. Concretament, s&#8217;est\u00e0 netejant la franja que unix la zona forestal amb la urbana, amb l&#8217;objectiu de &#8220;reduir la massa vegetal seca, que \u00e9s molt inflamable en aquesta \u00e8poca de l&#8217;any&#8221;, tal &#8230; <a title=\"L&#8217;Ajuntament de la Vall d\u2019Uix\u00f3\u00a0realitza\u00a0treballs de silvicultura per a previndre incendis forestals\" class=\"read-more\" href=\"https:\/\/elcafedepipa.com\/index.php\/2024\/08\/05\/lajuntament-de-la-vall-duixo-realitza-treballs-de-silvicultura-per-a-previndre-incendis-forestals\/\" aria-label=\"M\u00e9s informaci\u00f3 sobre L&#8217;Ajuntament de la Vall d\u2019Uix\u00f3\u00a0realitza\u00a0treballs de silvicultura per a previndre incendis forestals\">Read more<\/a><\/p>\n","protected":false},"author":2,"featured_media":4047,"comment_status":"closed","ping_status":"closed","sticky":false,"template":"","format":"standard","meta":{"om_disable_all_campaigns":false,"_monsterinsights_skip_tracking":false,"_monsterinsights_sitenote_active":false,"_monsterinsights_sitenote_note":"","_monsterinsights_sitenote_category":0,"_uf_show_specific_survey":0,"_uf_disable_surveys":false,"footnotes":""},"categories":[2],"tags":[],"class_list":["post-4046","post","type-post","status-publish","format-standard","has-post-thumbnail","hentry","category-lavallduixo"],"_links":{"self":[{"href":"https:\/\/elcafedepipa.com\/index.php\/wp-json\/wp\/v2\/posts\/4046","targetHints":{"allow":["GET"]}}],"collection":[{"href":"https:\/\/elcafedepipa.com\/index.php\/wp-json\/wp\/v2\/posts"}],"about":[{"href":"https:\/\/elcafedepipa.com\/index.php\/wp-json\/wp\/v2\/types\/post"}],"author":[{"embeddable":true,"href":"https:\/\/elcafedepipa.com\/index.php\/wp-json\/wp\/v2\/users\/2"}],"replies":[{"embeddable":true,"href":"https:\/\/elcafedepipa.com\/index.php\/wp-json\/wp\/v2\/comments?post=4046"}],"version-history":[{"count":0,"href":"https:\/\/elcafedepipa.com\/index.php\/wp-json\/wp\/v2\/posts\/4046\/revisions"}],"wp:featuredmedia":[{"embeddable":true,"href":"https:\/\/elcafedepipa.com\/index.php\/wp-json\/wp\/v2\/media\/4047"}],"wp:attachment":[{"href":"https:\/\/elcafedepipa.com\/index.php\/wp-json\/wp\/v2\/media?parent=4046"}],"wp:term":[{"taxonomy":"category","embeddable":true,"href":"https:\/\/elcafedepipa.com\/index.php\/wp-json\/wp\/v2\/categories?post=4046"},{"taxonomy":"post_tag","embeddable":true,"href":"https:\/\/elcafedepipa.com\/index.php\/wp-json\/wp\/v2\/tags?post=4046"}],"curies":[{"name":"wp","href":"https:\/\/api.w.org\/{rel}","templated":true}]}}