{"id":4018,"date":"2024-08-04T15:08:43","date_gmt":"2024-08-04T13:08:43","guid":{"rendered":"https:\/\/elcafedepipa.com\/?p=4018"},"modified":"2024-08-04T15:11:42","modified_gmt":"2024-08-04T13:11:42","slug":"sara-sorribes-tormo-agraeix-a-la-vall-duixo-el-recolzament-i-ens-conta-lexperiencia-viscuda-a-paris-audio","status":"publish","type":"post","link":"https:\/\/elcafedepipa.com\/index.php\/2024\/08\/04\/sara-sorribes-tormo-agraeix-a-la-vall-duixo-el-recolzament-i-ens-conta-lexperiencia-viscuda-a-paris-audio\/","title":{"rendered":"Sara Sorribes Tormo agraeix a la Vall d&#8217;Uix\u00f3 el recolzament i ens conta l&#8217;experi\u00e8ncia viscuda a Par\u00eds (\u00e0udio)."},"content":{"rendered":"\n<p>La campiona vallera, en declaracions a <strong>Radio la Vall d&#8217;Uix\u00f3-Cadena SER<\/strong> ha volgut agra\u00efr el suport  que li consta ha tingut del municipi al llarg de tots aquests dies d&#8217;experi\u00e8ncia ol\u00edmpica a Par\u00eds. Nom\u00e9s una paraula: Satisfacci\u00f3. Disfruta-ho molt, Sara!<\/p>\n\n\n\n<p><strong>\u00c0UDIO SARA SORRIBES TORMO:<\/strong><\/p>\n\n\n\n<figure class=\"wp-block-audio\"><audio controls src=\"https:\/\/elcafedepipa.com\/wp-content\/uploads\/2024\/08\/saradiumenge.mp3\"><\/audio><\/figure>\n\n\n\n<div class=\"wp-block-columns is-layout-flex wp-container-core-columns-is-layout-9d6595d7 wp-block-columns-is-layout-flex\">\n<div class=\"wp-block-column is-layout-flow wp-block-column-is-layout-flow\" style=\"flex-basis:50%\">\n<figure class=\"wp-block-image size-full\"><img fetchpriority=\"high\" decoding=\"async\" width=\"960\" height=\"960\" src=\"https:\/\/elcafedepipa.com\/wp-content\/uploads\/2024\/08\/Sara8.jpeg\" alt=\"\" class=\"wp-image-4022\" srcset=\"https:\/\/elcafedepipa.com\/wp-content\/uploads\/2024\/08\/Sara8.jpeg 960w, https:\/\/elcafedepipa.com\/wp-content\/uploads\/2024\/08\/Sara8-300x300.jpeg 300w, https:\/\/elcafedepipa.com\/wp-content\/uploads\/2024\/08\/Sara8-150x150.jpeg 150w, https:\/\/elcafedepipa.com\/wp-content\/uploads\/2024\/08\/Sara8-768x768.jpeg 768w, https:\/\/elcafedepipa.com\/wp-content\/uploads\/2024\/08\/Sara8-700x700.jpeg 700w, https:\/\/elcafedepipa.com\/wp-content\/uploads\/2024\/08\/Sara8-45x45.jpeg 45w\" sizes=\"(max-width: 960px) 100vw, 960px\" \/><\/figure>\n<\/div>\n\n\n\n<div class=\"wp-block-column is-layout-flow wp-block-column-is-layout-flow\" style=\"flex-basis:50%\">\n<figure class=\"wp-block-image size-full\"><img decoding=\"async\" width=\"960\" height=\"960\" src=\"https:\/\/elcafedepipa.com\/wp-content\/uploads\/2024\/08\/Sara9-1.jpeg\" alt=\"\" class=\"wp-image-4026\" srcset=\"https:\/\/elcafedepipa.com\/wp-content\/uploads\/2024\/08\/Sara9-1.jpeg 960w, https:\/\/elcafedepipa.com\/wp-content\/uploads\/2024\/08\/Sara9-1-300x300.jpeg 300w, https:\/\/elcafedepipa.com\/wp-content\/uploads\/2024\/08\/Sara9-1-150x150.jpeg 150w, https:\/\/elcafedepipa.com\/wp-content\/uploads\/2024\/08\/Sara9-1-768x768.jpeg 768w, https:\/\/elcafedepipa.com\/wp-content\/uploads\/2024\/08\/Sara9-1-700x700.jpeg 700w, https:\/\/elcafedepipa.com\/wp-content\/uploads\/2024\/08\/Sara9-1-45x45.jpeg 45w\" sizes=\"(max-width: 960px) 100vw, 960px\" \/><\/figure>\n<\/div>\n<\/div>\n\n\n\n<figure class=\"wp-block-image size-full\"><img decoding=\"async\" width=\"1244\" height=\"1555\" src=\"https:\/\/elcafedepipa.com\/wp-content\/uploads\/2024\/08\/Sara10.jpeg\" alt=\"\" class=\"wp-image-4025\" srcset=\"https:\/\/elcafedepipa.com\/wp-content\/uploads\/2024\/08\/Sara10.jpeg 1244w, https:\/\/elcafedepipa.com\/wp-content\/uploads\/2024\/08\/Sara10-240x300.jpeg 240w, https:\/\/elcafedepipa.com\/wp-content\/uploads\/2024\/08\/Sara10-819x1024.jpeg 819w, https:\/\/elcafedepipa.com\/wp-content\/uploads\/2024\/08\/Sara10-768x960.jpeg 768w, https:\/\/elcafedepipa.com\/wp-content\/uploads\/2024\/08\/Sara10-1229x1536.jpeg 1229w\" sizes=\"(max-width: 1244px) 100vw, 1244px\" \/><\/figure>\n","protected":false},"excerpt":{"rendered":"<p>La campiona vallera, en declaracions a Radio la Vall d&#8217;Uix\u00f3-Cadena SER ha volgut agra\u00efr el suport que li consta ha tingut del municipi al llarg de tots aquests dies d&#8217;experi\u00e8ncia ol\u00edmpica a Par\u00eds. Nom\u00e9s una paraula: Satisfacci\u00f3. Disfruta-ho molt, Sara! \u00c0UDIO SARA SORRIBES TORMO:<\/p>\n","protected":false},"author":2,"featured_media":4019,"comment_status":"closed","ping_status":"closed","sticky":false,"template":"","format":"standard","meta":{"om_disable_all_campaigns":false,"_monsterinsights_skip_tracking":false,"_monsterinsights_sitenote_active":false,"_monsterinsights_sitenote_note":"","_monsterinsights_sitenote_category":0,"_uf_show_specific_survey":0,"_uf_disable_surveys":false,"footnotes":""},"categories":[2],"tags":[],"class_list":["post-4018","post","type-post","status-publish","format-standard","has-post-thumbnail","hentry","category-lavallduixo"],"_links":{"self":[{"href":"https:\/\/elcafedepipa.com\/index.php\/wp-json\/wp\/v2\/posts\/4018","targetHints":{"allow":["GET"]}}],"collection":[{"href":"https:\/\/elcafedepipa.com\/index.php\/wp-json\/wp\/v2\/posts"}],"about":[{"href":"https:\/\/elcafedepipa.com\/index.php\/wp-json\/wp\/v2\/types\/post"}],"author":[{"embeddable":true,"href":"https:\/\/elcafedepipa.com\/index.php\/wp-json\/wp\/v2\/users\/2"}],"replies":[{"embeddable":true,"href":"https:\/\/elcafedepipa.com\/index.php\/wp-json\/wp\/v2\/comments?post=4018"}],"version-history":[{"count":0,"href":"https:\/\/elcafedepipa.com\/index.php\/wp-json\/wp\/v2\/posts\/4018\/revisions"}],"wp:featuredmedia":[{"embeddable":true,"href":"https:\/\/elcafedepipa.com\/index.php\/wp-json\/wp\/v2\/media\/4019"}],"wp:attachment":[{"href":"https:\/\/elcafedepipa.com\/index.php\/wp-json\/wp\/v2\/media?parent=4018"}],"wp:term":[{"taxonomy":"category","embeddable":true,"href":"https:\/\/elcafedepipa.com\/index.php\/wp-json\/wp\/v2\/categories?post=4018"},{"taxonomy":"post_tag","embeddable":true,"href":"https:\/\/elcafedepipa.com\/index.php\/wp-json\/wp\/v2\/tags?post=4018"}],"curies":[{"name":"wp","href":"https:\/\/api.w.org\/{rel}","templated":true}]}}