{"id":4009,"date":"2024-08-04T13:29:01","date_gmt":"2024-08-04T11:29:01","guid":{"rendered":"https:\/\/elcafedepipa.com\/?p=4009"},"modified":"2024-08-04T13:44:25","modified_gmt":"2024-08-04T11:44:25","slug":"bravissima-sara-el-bronze-es-teu","status":"publish","type":"post","link":"https:\/\/elcafedepipa.com\/index.php\/2024\/08\/04\/bravissima-sara-el-bronze-es-teu\/","title":{"rendered":"Brav\u00edssima Sara! El bronze \u00e9s teu"},"content":{"rendered":"\n<p>Espectacular participaci\u00f3 de Sara Sorribes Tormo en el dobles femen\u00ed de tennis als Jocs Ol\u00edmpics de Par\u00eds. El tandem de la vallera amb Cristina Bucsa li donen a Espanya una nova medalla de bronze, despr\u00e9s del partit d&#8217;aquest mat\u00ed que els enfrontava a les txeques Muchova i Noskova i que han resolt en un contundent i inapelable 6-2 i 6-2. <\/p>\n\n\n\n<p>Aquesta cita hist\u00f2rica ha pogut ser seguida en una pantalla gegant que ha instal\u00b7lat l&#8217;Ajuntament de la Vall d&#8217;Uix\u00f3 al recinte de carpes. L&#8217;ambient ja de per s\u00ed festiu de la localitat se veu incrementat per la gesta de Sorribes Tormo, que no para de rebre felicitacions de diferents entitats i la ciutadania mitjan\u00e7ant les xarxes socials.<\/p>\n\n\n\n<p>La m\u00e0gica parella entre Sorribes Tormo i Bucsa nom\u00e9s han perdut un partit, que de segur ser\u00e0 una excepcic\u00f3 a aquestra brillant combinaci\u00f3 a la que ens tenen acostumats. Enhorabona, Sara.<\/p>\n\n\n\n<figure class=\"wp-block-image size-large\"><img fetchpriority=\"high\" decoding=\"async\" width=\"1024\" height=\"576\" src=\"https:\/\/elcafedepipa.com\/wp-content\/uploads\/2024\/08\/sara4-1024x576.jpeg\" alt=\"\" class=\"wp-image-4011\" srcset=\"https:\/\/elcafedepipa.com\/wp-content\/uploads\/2024\/08\/sara4-1024x576.jpeg 1024w, https:\/\/elcafedepipa.com\/wp-content\/uploads\/2024\/08\/sara4-300x169.jpeg 300w, https:\/\/elcafedepipa.com\/wp-content\/uploads\/2024\/08\/sara4-768x432.jpeg 768w, https:\/\/elcafedepipa.com\/wp-content\/uploads\/2024\/08\/sara4-1536x864.jpeg 1536w, https:\/\/elcafedepipa.com\/wp-content\/uploads\/2024\/08\/sara4.jpeg 2048w\" sizes=\"(max-width: 1024px) 100vw, 1024px\" \/><\/figure>\n\n\n\n<figure class=\"wp-block-image size-large\"><img decoding=\"async\" width=\"1024\" height=\"576\" src=\"https:\/\/elcafedepipa.com\/wp-content\/uploads\/2024\/08\/sara5-1024x576.jpeg\" alt=\"\" class=\"wp-image-4012\" srcset=\"https:\/\/elcafedepipa.com\/wp-content\/uploads\/2024\/08\/sara5-1024x576.jpeg 1024w, https:\/\/elcafedepipa.com\/wp-content\/uploads\/2024\/08\/sara5-300x169.jpeg 300w, https:\/\/elcafedepipa.com\/wp-content\/uploads\/2024\/08\/sara5-768x432.jpeg 768w, https:\/\/elcafedepipa.com\/wp-content\/uploads\/2024\/08\/sara5-1536x864.jpeg 1536w, https:\/\/elcafedepipa.com\/wp-content\/uploads\/2024\/08\/sara5.jpeg 2048w\" sizes=\"(max-width: 1024px) 100vw, 1024px\" \/><\/figure>\n","protected":false},"excerpt":{"rendered":"<p>Espectacular participaci\u00f3 de Sara Sorribes Tormo en el dobles femen\u00ed de tennis als Jocs Ol\u00edmpics de Par\u00eds. El tandem de la vallera amb Cristina Bucsa li donen a Espanya una nova medalla de bronze, despr\u00e9s del partit d&#8217;aquest mat\u00ed que els enfrontava a les txeques Muchova i Noskova i que han resolt en un contundent &#8230; <a title=\"Brav\u00edssima Sara! El bronze \u00e9s teu\" class=\"read-more\" href=\"https:\/\/elcafedepipa.com\/index.php\/2024\/08\/04\/bravissima-sara-el-bronze-es-teu\/\" aria-label=\"M\u00e9s informaci\u00f3 sobre Brav\u00edssima Sara! El bronze \u00e9s teu\">Read more<\/a><\/p>\n","protected":false},"author":2,"featured_media":4010,"comment_status":"closed","ping_status":"closed","sticky":false,"template":"","format":"standard","meta":{"om_disable_all_campaigns":false,"_monsterinsights_skip_tracking":false,"_monsterinsights_sitenote_active":false,"_monsterinsights_sitenote_note":"","_monsterinsights_sitenote_category":0,"_uf_show_specific_survey":0,"_uf_disable_surveys":false,"footnotes":""},"categories":[1],"tags":[],"class_list":["post-4009","post","type-post","status-publish","format-standard","has-post-thumbnail","hentry","category-non-classe"],"_links":{"self":[{"href":"https:\/\/elcafedepipa.com\/index.php\/wp-json\/wp\/v2\/posts\/4009","targetHints":{"allow":["GET"]}}],"collection":[{"href":"https:\/\/elcafedepipa.com\/index.php\/wp-json\/wp\/v2\/posts"}],"about":[{"href":"https:\/\/elcafedepipa.com\/index.php\/wp-json\/wp\/v2\/types\/post"}],"author":[{"embeddable":true,"href":"https:\/\/elcafedepipa.com\/index.php\/wp-json\/wp\/v2\/users\/2"}],"replies":[{"embeddable":true,"href":"https:\/\/elcafedepipa.com\/index.php\/wp-json\/wp\/v2\/comments?post=4009"}],"version-history":[{"count":0,"href":"https:\/\/elcafedepipa.com\/index.php\/wp-json\/wp\/v2\/posts\/4009\/revisions"}],"wp:featuredmedia":[{"embeddable":true,"href":"https:\/\/elcafedepipa.com\/index.php\/wp-json\/wp\/v2\/media\/4010"}],"wp:attachment":[{"href":"https:\/\/elcafedepipa.com\/index.php\/wp-json\/wp\/v2\/media?parent=4009"}],"wp:term":[{"taxonomy":"category","embeddable":true,"href":"https:\/\/elcafedepipa.com\/index.php\/wp-json\/wp\/v2\/categories?post=4009"},{"taxonomy":"post_tag","embeddable":true,"href":"https:\/\/elcafedepipa.com\/index.php\/wp-json\/wp\/v2\/tags?post=4009"}],"curies":[{"name":"wp","href":"https:\/\/api.w.org\/{rel}","templated":true}]}}