{"id":3970,"date":"2024-08-03T11:00:00","date_gmt":"2024-08-03T09:00:00","guid":{"rendered":"https:\/\/elcafedepipa.com\/?p=3970"},"modified":"2024-08-02T15:17:17","modified_gmt":"2024-08-02T13:17:17","slug":"moncofa-inicia-les-festes-de-sant-roc-i-els-bous-tornaran-la-setmana-proxima","status":"publish","type":"post","link":"https:\/\/elcafedepipa.com\/index.php\/2024\/08\/03\/moncofa-inicia-les-festes-de-sant-roc-i-els-bous-tornaran-la-setmana-proxima\/","title":{"rendered":"Moncofa inicia les festes de Sant Roc i els bous tornaran la setmana pr\u00f2xima"},"content":{"rendered":"\n<p>El mes d&#8217;agost comen\u00e7a amb activitat a Moncofa. Fins al 4 d&#8217;agost es podr\u00e0 gaudir d&#8217;una fira marinera i comer\u00e7 local a l&#8217;avinguda Mare Nostrum. Comer\u00e7os locals exposaran els seus productes i hi haur\u00e0 tallers infantils i actuacions musicals. A m\u00e9s, el divendres 2 es dur\u00e0 a terme un teatre feminista de l&#8217;Escola Municipal d\u2019Igualtat a la Casa de la Cultura.<\/p>\n\n\n\n<p>Les festes de Sant Roc converteixen Moncofa en un dest\u00ed perfecte per als aficionats a la taurom\u00e0quia. Bous cerrils, corro de vaques o embolades es podran gaudir al llarg d&#8217;una setmana, des del dissabte 10 fins al 17. De la mateixa manera, espectacles musicals es succeiran durant el mes d&#8217;agost: concerts, festes nocturnes, tardejos o un quartet de saxos protagonitzaran l&#8217;escena musical a Moncofa.<\/p>\n\n\n\n<p>Tal com marca la tradici\u00f3, el divendres 16 es reserva per a les veneracions a Sant Roc. A les 19h comen\u00e7ar\u00e0 la process\u00f3 i posterior missa a l&#8217;ermita de Santa Maria Magdalena, que donar\u00e0 lloc a diverses actuacions musicals posteriors. Un mes d&#8217;agost que &#8220;convida a participar a tot el m\u00f3n i a totes les prefer\u00e8ncies i gustos possibles. La pluralitat \u00e9s una m\u00e0xima que respectem i durant les festes de Sant Roc hem treballat en una programaci\u00f3 que gire en aquest sentit&#8221;, explica Alemany. L&#8217;esport es cola com un dels motors de les festes, amb la tradicional travessia a nataci\u00f3 per la Mediterr\u00e0nia, una Marxa en patins o el campionat de petanca junior i senior.<\/p>\n","protected":false},"excerpt":{"rendered":"<p>El mes d&#8217;agost comen\u00e7a amb activitat a Moncofa. Fins al 4 d&#8217;agost es podr\u00e0 gaudir d&#8217;una fira marinera i comer\u00e7 local a l&#8217;avinguda Mare Nostrum. Comer\u00e7os locals exposaran els seus productes i hi haur\u00e0 tallers infantils i actuacions musicals. A m\u00e9s, el divendres 2 es dur\u00e0 a terme un teatre feminista de l&#8217;Escola Municipal d\u2019Igualtat &#8230; <a title=\"Moncofa inicia les festes de Sant Roc i els bous tornaran la setmana pr\u00f2xima\" class=\"read-more\" href=\"https:\/\/elcafedepipa.com\/index.php\/2024\/08\/03\/moncofa-inicia-les-festes-de-sant-roc-i-els-bous-tornaran-la-setmana-proxima\/\" aria-label=\"M\u00e9s informaci\u00f3 sobre Moncofa inicia les festes de Sant Roc i els bous tornaran la setmana pr\u00f2xima\">Read more<\/a><\/p>\n","protected":false},"author":2,"featured_media":3971,"comment_status":"closed","ping_status":"closed","sticky":false,"template":"","format":"standard","meta":{"om_disable_all_campaigns":false,"_monsterinsights_skip_tracking":false,"_monsterinsights_sitenote_active":false,"_monsterinsights_sitenote_note":"","_monsterinsights_sitenote_category":0,"_uf_show_specific_survey":0,"_uf_disable_surveys":false,"footnotes":""},"categories":[4],"tags":[],"class_list":["post-3970","post","type-post","status-publish","format-standard","has-post-thumbnail","hentry","category-moncofa"],"_links":{"self":[{"href":"https:\/\/elcafedepipa.com\/index.php\/wp-json\/wp\/v2\/posts\/3970","targetHints":{"allow":["GET"]}}],"collection":[{"href":"https:\/\/elcafedepipa.com\/index.php\/wp-json\/wp\/v2\/posts"}],"about":[{"href":"https:\/\/elcafedepipa.com\/index.php\/wp-json\/wp\/v2\/types\/post"}],"author":[{"embeddable":true,"href":"https:\/\/elcafedepipa.com\/index.php\/wp-json\/wp\/v2\/users\/2"}],"replies":[{"embeddable":true,"href":"https:\/\/elcafedepipa.com\/index.php\/wp-json\/wp\/v2\/comments?post=3970"}],"version-history":[{"count":0,"href":"https:\/\/elcafedepipa.com\/index.php\/wp-json\/wp\/v2\/posts\/3970\/revisions"}],"wp:featuredmedia":[{"embeddable":true,"href":"https:\/\/elcafedepipa.com\/index.php\/wp-json\/wp\/v2\/media\/3971"}],"wp:attachment":[{"href":"https:\/\/elcafedepipa.com\/index.php\/wp-json\/wp\/v2\/media?parent=3970"}],"wp:term":[{"taxonomy":"category","embeddable":true,"href":"https:\/\/elcafedepipa.com\/index.php\/wp-json\/wp\/v2\/categories?post=3970"},{"taxonomy":"post_tag","embeddable":true,"href":"https:\/\/elcafedepipa.com\/index.php\/wp-json\/wp\/v2\/tags?post=3970"}],"curies":[{"name":"wp","href":"https:\/\/api.w.org\/{rel}","templated":true}]}}