{"id":3966,"date":"2024-08-02T15:08:33","date_gmt":"2024-08-02T13:08:33","guid":{"rendered":"https:\/\/elcafedepipa.com\/?p=3966"},"modified":"2024-08-02T19:46:11","modified_gmt":"2024-08-02T17:46:11","slug":"la-fira-doportunitats-dona-inici-a-les-festes-de-la-mar-en-nules-mascarell-tambe-estara-de-festa-el-cap-de-setmana","status":"publish","type":"post","link":"https:\/\/elcafedepipa.com\/index.php\/2024\/08\/02\/la-fira-doportunitats-dona-inici-a-les-festes-de-la-mar-en-nules-mascarell-tambe-estara-de-festa-el-cap-de-setmana\/","title":{"rendered":"La Fira d&#8217;oportunitats d\u00f3na inici a les festes de la Mar en Nules. Mascarell tamb\u00e9 estar\u00e0 de festa el cap de setmana."},"content":{"rendered":"\n<p>Aquest cap de setmana els nulers i les nuleres poden ja gaudir a la mar de Nules dels primers actes festius en honor a Sant Roc que es desenvoluparan fins divendres 16 d\u2019agost. De manera que, hui divendres per la vesprada hi haur\u00e0, al parc de la platja de les Marines, club de lectura \u201cespecial estiu\u201d amb el llibre \u201cEl marat\u00f3n de mi vida: convivir con el c\u00e1ncer es posible\u201d d\u2019Inma Castell a c\u00e0rrec de Cosas&amp;Musas; dissabte, 3 d\u2019agost, tindr\u00e0 lloc la tradicional Travessia Mar\u00edtima de la Mar de Nules, i la inauguraci\u00f3 de la Fira d\u2019Oportunitats i ONGs que \u00e9s tot un referent a les festes de Sant Roc de les platges de Nules.<\/p>\n\n\n\n<p>En aquest sentit, cal assenyalar que enguany hi participen en aquesta fira un total d\u201911 comer\u00e7os locals i huit associacions, entre les quals es troben Kimo Projectes Nules, Creu Roja, la Confraria Hermandad de Nazarenos, Sentim, Manos Unidas, la Unitat de Respir AFA, Col\u00f2nies de Gats Nules i \u201cSue\u00f1os Cumplidos\u201d.<\/p>\n\n\n\n<p>Aix\u00ed doncs, la Fira d\u2019Oportunitats i ONGs s\u2019instal\u00b7lar\u00e0 a l\u2019avinguda de Mallorca de la poblaci\u00f3 mar\u00edtima, i es podr\u00e0 visitar dissabte de 18.00 a 23.00 hores i diumenge d\u201911.00 a 20.00 hores.<\/p>\n\n\n\n<p>Al respecte, des de la regidoria de Comer\u00e7, Gemma Carratal\u00e1, comenta que \u201caquesta fira est\u00e0 molt consolidada a les festes de Sant Roc de les nostres platges, de manera que el que es vol \u00e9s donar visibilitat a les diferents associacions i comer\u00e7os locals\u201d.<\/p>\n\n\n\n<p>A m\u00e9s, diumenge per la nit hi haur\u00e0 ball per a la gent major a la Terrassa de l\u2019Estany.<\/p>\n\n\n\n<p><strong>Festes de Mascarell<\/strong><\/p>\n\n\n\n<p>Per altra banda, aquest cap de setmana Mascarell tamb\u00e9 celebra les festes patronals en honor a la Mare de D\u00e9u dels \u00c0ngels amb actes per a tots els p\u00fablics amb la Torr\u00e0 Popular i l\u2019espectacle a c\u00e0rrec de \u201cDuo para Dais\u201d que tindran lloc la nit de dissabte; i amb els actes religiosos amb la missa i process\u00f3 en honor a la patrona que se celebraran diumenge 4 d\u2019agost.&nbsp;<\/p>\n","protected":false},"excerpt":{"rendered":"<p>Aquest cap de setmana els nulers i les nuleres poden ja gaudir a la mar de Nules dels primers actes festius en honor a Sant Roc que es desenvoluparan fins divendres 16 d\u2019agost. De manera que, hui divendres per la vesprada hi haur\u00e0, al parc de la platja de les Marines, club de lectura \u201cespecial &#8230; <a title=\"La Fira d&#8217;oportunitats d\u00f3na inici a les festes de la Mar en Nules. Mascarell tamb\u00e9 estar\u00e0 de festa el cap de setmana.\" class=\"read-more\" href=\"https:\/\/elcafedepipa.com\/index.php\/2024\/08\/02\/la-fira-doportunitats-dona-inici-a-les-festes-de-la-mar-en-nules-mascarell-tambe-estara-de-festa-el-cap-de-setmana\/\" aria-label=\"M\u00e9s informaci\u00f3 sobre La Fira d&#8217;oportunitats d\u00f3na inici a les festes de la Mar en Nules. Mascarell tamb\u00e9 estar\u00e0 de festa el cap de setmana.\">Read more<\/a><\/p>\n","protected":false},"author":2,"featured_media":3978,"comment_status":"closed","ping_status":"closed","sticky":false,"template":"","format":"standard","meta":{"om_disable_all_campaigns":false,"_monsterinsights_skip_tracking":false,"_monsterinsights_sitenote_active":false,"_monsterinsights_sitenote_note":"","_monsterinsights_sitenote_category":0,"_uf_show_specific_survey":0,"_uf_disable_surveys":false,"footnotes":""},"categories":[1,3],"tags":[],"class_list":["post-3966","post","type-post","status-publish","format-standard","has-post-thumbnail","hentry","category-non-classe","category-nules"],"_links":{"self":[{"href":"https:\/\/elcafedepipa.com\/index.php\/wp-json\/wp\/v2\/posts\/3966","targetHints":{"allow":["GET"]}}],"collection":[{"href":"https:\/\/elcafedepipa.com\/index.php\/wp-json\/wp\/v2\/posts"}],"about":[{"href":"https:\/\/elcafedepipa.com\/index.php\/wp-json\/wp\/v2\/types\/post"}],"author":[{"embeddable":true,"href":"https:\/\/elcafedepipa.com\/index.php\/wp-json\/wp\/v2\/users\/2"}],"replies":[{"embeddable":true,"href":"https:\/\/elcafedepipa.com\/index.php\/wp-json\/wp\/v2\/comments?post=3966"}],"version-history":[{"count":0,"href":"https:\/\/elcafedepipa.com\/index.php\/wp-json\/wp\/v2\/posts\/3966\/revisions"}],"wp:featuredmedia":[{"embeddable":true,"href":"https:\/\/elcafedepipa.com\/index.php\/wp-json\/wp\/v2\/media\/3978"}],"wp:attachment":[{"href":"https:\/\/elcafedepipa.com\/index.php\/wp-json\/wp\/v2\/media?parent=3966"}],"wp:term":[{"taxonomy":"category","embeddable":true,"href":"https:\/\/elcafedepipa.com\/index.php\/wp-json\/wp\/v2\/categories?post=3966"},{"taxonomy":"post_tag","embeddable":true,"href":"https:\/\/elcafedepipa.com\/index.php\/wp-json\/wp\/v2\/tags?post=3966"}],"curies":[{"name":"wp","href":"https:\/\/api.w.org\/{rel}","templated":true}]}}