{"id":3950,"date":"2024-08-02T13:05:49","date_gmt":"2024-08-02T11:05:49","guid":{"rendered":"https:\/\/elcafedepipa.com\/?p=3950"},"modified":"2024-08-02T13:05:51","modified_gmt":"2024-08-02T11:05:51","slug":"la-unio-preveu-un-lleuger-augment-de-la-collita-de-citrics-encara-que-sera-la-tercera-amb-menys-produccio-daquest-segle","status":"publish","type":"post","link":"https:\/\/elcafedepipa.com\/index.php\/2024\/08\/02\/la-unio-preveu-un-lleuger-augment-de-la-collita-de-citrics-encara-que-sera-la-tercera-amb-menys-produccio-daquest-segle\/","title":{"rendered":"LA UNI\u00d3 preveu un lleuger augment de la collita de c\u00edtrics, encara que ser\u00e0 la tercera amb menys producci\u00f3 d&#8217;aquest segle"},"content":{"rendered":"\n<p>Les primeres dades que maneja la Uni\u00f3 Llauradora per a la pr\u00f2xima campanya de c\u00edtrics 2024\/2025 indiquen un lleuger augment de collita del 3% en la Comunitat Valenciana, per\u00f2 malgrat aix\u00f2 ser\u00e0 la tercera amb menys producci\u00f3 d&#8217;aquest segle com a conseq\u00fc\u00e8ncia fonamentalment de la sequera.<\/p>\n\n\n\n<p>L&#8217;organitzaci\u00f3 estima una producci\u00f3 total de c\u00edtrics d&#8217;al voltant de 2,88 milions de tones en la qual es preveu una bona qualitat, coloracions i un contingut de suc adequats. \u00c9s una xifra un poc per damunt de la passada que cal recordar que va ser la m\u00e9s baixa d&#8217;aquest segle XXI i en relaci\u00f3 amb la s\u00e8rie hist\u00f2rica dels \u00faltims 25 anys representa una reducci\u00f3 del 10%. \u00c9s la sisena campanya consecutiva per davall de la mitjana productiva de l&#8217;\u00faltim quart de segle.<\/p>\n\n\n\n<p>Els principals motius d&#8217;aquests descensos productius continuen sent principalment clim\u00e0tics, com \u00e9s la sequera prolongada, les adverses i extremes condicions meteorol\u00f2giques esdevingudes en les zones de producci\u00f3 des de la floraci\u00f3 i el quallat dels fruits, aix\u00ed com durant el seu engreixament (elevad\u00edssimes temperatures i nul\u00b7la pluviometria).<\/p>\n\n\n\n<p>Per\u00f2 a ells cal sumar tamb\u00e9 l&#8217;arbratge vell amb baix rendiment, l&#8217;aband\u00f3 de terres de cultiu i les plagues o malalties de quarantena sobre les quals cada vegada existeixen menys eines de control. Les \u00faltimes dades oficials de la Conselleria d&#8217;Agricultura quantifiquen una superf\u00edcie citr\u00edcola de 153.867 hect\u00e0rees, la qual cosa representa un descens del 13% respecte a 2010 i del 20% des de finals del segle XX.<\/p>\n\n\n\n<p>LA UNI\u00d3 considera que aquesta reducci\u00f3 de la producci\u00f3 hauria de garantir un subministrament ordenat als principals mercats i en conseq\u00fc\u00e8ncia mantindre al llarg de tota la campanya uns preus estables i superiors als de campanyes anteriors on hagut grans difer\u00e8ncies estacionals de cotitzacions.<\/p>\n\n\n\n<p>El consum de c\u00edtrics en les llars presenta una tend\u00e8ncia a la baixa en les \u00faltimes campanyes, amb un nou descens en la passada del 7,5% respecte a l&#8217;anterior i del 21% sobre la mitjana de les cinc precedents. \u00danicament repunta el consum de mandarines de la passada campanya sobre l&#8217;anterior. LA UNI\u00d3 reitera la necessitat de realitzar campanyes de promoci\u00f3 dels c\u00edtrics per a recuperar els consums.<\/p>\n","protected":false},"excerpt":{"rendered":"<p>Les primeres dades que maneja la Uni\u00f3 Llauradora per a la pr\u00f2xima campanya de c\u00edtrics 2024\/2025 indiquen un lleuger augment de collita del 3% en la Comunitat Valenciana, per\u00f2 malgrat aix\u00f2 ser\u00e0 la tercera amb menys producci\u00f3 d&#8217;aquest segle com a conseq\u00fc\u00e8ncia fonamentalment de la sequera. L&#8217;organitzaci\u00f3 estima una producci\u00f3 total de c\u00edtrics d&#8217;al voltant &#8230; <a title=\"LA UNI\u00d3 preveu un lleuger augment de la collita de c\u00edtrics, encara que ser\u00e0 la tercera amb menys producci\u00f3 d&#8217;aquest segle\" class=\"read-more\" href=\"https:\/\/elcafedepipa.com\/index.php\/2024\/08\/02\/la-unio-preveu-un-lleuger-augment-de-la-collita-de-citrics-encara-que-sera-la-tercera-amb-menys-produccio-daquest-segle\/\" aria-label=\"M\u00e9s informaci\u00f3 sobre LA UNI\u00d3 preveu un lleuger augment de la collita de c\u00edtrics, encara que ser\u00e0 la tercera amb menys producci\u00f3 d&#8217;aquest segle\">Read more<\/a><\/p>\n","protected":false},"author":2,"featured_media":3951,"comment_status":"closed","ping_status":"closed","sticky":false,"template":"","format":"standard","meta":{"om_disable_all_campaigns":false,"_monsterinsights_skip_tracking":false,"_monsterinsights_sitenote_active":false,"_monsterinsights_sitenote_note":"","_monsterinsights_sitenote_category":0,"_uf_show_specific_survey":0,"_uf_disable_surveys":false,"footnotes":""},"categories":[10],"tags":[],"class_list":["post-3950","post","type-post","status-publish","format-standard","has-post-thumbnail","hentry","category-provinciadecastello"],"_links":{"self":[{"href":"https:\/\/elcafedepipa.com\/index.php\/wp-json\/wp\/v2\/posts\/3950","targetHints":{"allow":["GET"]}}],"collection":[{"href":"https:\/\/elcafedepipa.com\/index.php\/wp-json\/wp\/v2\/posts"}],"about":[{"href":"https:\/\/elcafedepipa.com\/index.php\/wp-json\/wp\/v2\/types\/post"}],"author":[{"embeddable":true,"href":"https:\/\/elcafedepipa.com\/index.php\/wp-json\/wp\/v2\/users\/2"}],"replies":[{"embeddable":true,"href":"https:\/\/elcafedepipa.com\/index.php\/wp-json\/wp\/v2\/comments?post=3950"}],"version-history":[{"count":0,"href":"https:\/\/elcafedepipa.com\/index.php\/wp-json\/wp\/v2\/posts\/3950\/revisions"}],"wp:featuredmedia":[{"embeddable":true,"href":"https:\/\/elcafedepipa.com\/index.php\/wp-json\/wp\/v2\/media\/3951"}],"wp:attachment":[{"href":"https:\/\/elcafedepipa.com\/index.php\/wp-json\/wp\/v2\/media?parent=3950"}],"wp:term":[{"taxonomy":"category","embeddable":true,"href":"https:\/\/elcafedepipa.com\/index.php\/wp-json\/wp\/v2\/categories?post=3950"},{"taxonomy":"post_tag","embeddable":true,"href":"https:\/\/elcafedepipa.com\/index.php\/wp-json\/wp\/v2\/tags?post=3950"}],"curies":[{"name":"wp","href":"https:\/\/api.w.org\/{rel}","templated":true}]}}