{"id":3911,"date":"2024-08-01T14:48:43","date_gmt":"2024-08-01T12:48:43","guid":{"rendered":"https:\/\/elcafedepipa.com\/?p=3911"},"modified":"2024-08-01T14:48:45","modified_gmt":"2024-08-01T12:48:45","slug":"compte-enrere-i-un-missatge-unic-penyes-en-coneixement","status":"publish","type":"post","link":"https:\/\/elcafedepipa.com\/index.php\/2024\/08\/01\/compte-enrere-i-un-missatge-unic-penyes-en-coneixement\/","title":{"rendered":"Compte enrere i un missatge \u00fanic: Penyes en coneixement"},"content":{"rendered":"\n<p>L&#8217;Ajuntament de la Vall d\u2019Uix\u00f3 ha presentat la campanya \u2018Penyes En Coneixement\u2019 per a fomentar la responsabilitat i el respecte durant les festes. El regidor de Joventut, Manel Agea, ha destacat la import\u00e0ncia de la conviv\u00e8ncia per a gaudir tots de les festes, incloent els que no hi participen.<\/p>\n\n\n\n<p>Per la seua banda, el de Festes, Ximo Zorrilla, ha anunciat que s&#8217;ha retardat el muntatge del tancat de &#8220;l\u2019encierro&#8221; i de la zona de tasques gastron\u00f2miques per a minimitzar les mol\u00e8sties, especialment al centre de la ciutat. A m\u00e9s, com a novetat, s&#8217;instal\u00b7lar\u00e0 un Punt de Salut Sexual el 4 d&#8217;agost a la zona de les tasques, en col\u00b7laboraci\u00f3 amb l&#8217;IVAJ i CALCSICOVA, per a promoure la salut sexual i les pr\u00e0ctiques segures.<\/p>\n\n\n\n<p>Tant els regidors com el president de les Penyes en Festes han destacat la zona de tasques gastron\u00f2miques com el punt neur\u00e0lgic de la setmana festiva, un espai inclusiu per a tots. Tamb\u00e9 han fet una crida a la ciutadania per a gaudir de les festes amb civisme i respecte.<\/p>\n\n\n\n<p>Pel que fa a l&#8217;acc\u00e9s al concert de God Save The Queen el 10 d&#8217;agost, a causa de les obres al segon pavell\u00f3 poliesportiu municipal, l&#8217;entrada a l&#8217;Estadi Municipal Jos\u00e9 Mangri\u00f1\u00e1n es far\u00e0 per la calle C del Pol\u00edgon La Vernitxa, i es posar\u00e0 en marxa un dispositiu especial de tr\u00e0nsit per a garantir la seguretat dels assistents.<\/p>\n","protected":false},"excerpt":{"rendered":"<p>L&#8217;Ajuntament de la Vall d\u2019Uix\u00f3 ha presentat la campanya \u2018Penyes En Coneixement\u2019 per a fomentar la responsabilitat i el respecte durant les festes. El regidor de Joventut, Manel Agea, ha destacat la import\u00e0ncia de la conviv\u00e8ncia per a gaudir tots de les festes, incloent els que no hi participen. Per la seua banda, el de &#8230; <a title=\"Compte enrere i un missatge \u00fanic: Penyes en coneixement\" class=\"read-more\" href=\"https:\/\/elcafedepipa.com\/index.php\/2024\/08\/01\/compte-enrere-i-un-missatge-unic-penyes-en-coneixement\/\" aria-label=\"M\u00e9s informaci\u00f3 sobre Compte enrere i un missatge \u00fanic: Penyes en coneixement\">Read more<\/a><\/p>\n","protected":false},"author":2,"featured_media":3913,"comment_status":"closed","ping_status":"closed","sticky":false,"template":"","format":"standard","meta":{"om_disable_all_campaigns":false,"_monsterinsights_skip_tracking":false,"_monsterinsights_sitenote_active":false,"_monsterinsights_sitenote_note":"","_monsterinsights_sitenote_category":0,"_uf_show_specific_survey":0,"_uf_disable_surveys":false,"footnotes":""},"categories":[2],"tags":[],"class_list":["post-3911","post","type-post","status-publish","format-standard","has-post-thumbnail","hentry","category-lavallduixo"],"_links":{"self":[{"href":"https:\/\/elcafedepipa.com\/index.php\/wp-json\/wp\/v2\/posts\/3911","targetHints":{"allow":["GET"]}}],"collection":[{"href":"https:\/\/elcafedepipa.com\/index.php\/wp-json\/wp\/v2\/posts"}],"about":[{"href":"https:\/\/elcafedepipa.com\/index.php\/wp-json\/wp\/v2\/types\/post"}],"author":[{"embeddable":true,"href":"https:\/\/elcafedepipa.com\/index.php\/wp-json\/wp\/v2\/users\/2"}],"replies":[{"embeddable":true,"href":"https:\/\/elcafedepipa.com\/index.php\/wp-json\/wp\/v2\/comments?post=3911"}],"version-history":[{"count":0,"href":"https:\/\/elcafedepipa.com\/index.php\/wp-json\/wp\/v2\/posts\/3911\/revisions"}],"wp:featuredmedia":[{"embeddable":true,"href":"https:\/\/elcafedepipa.com\/index.php\/wp-json\/wp\/v2\/media\/3913"}],"wp:attachment":[{"href":"https:\/\/elcafedepipa.com\/index.php\/wp-json\/wp\/v2\/media?parent=3911"}],"wp:term":[{"taxonomy":"category","embeddable":true,"href":"https:\/\/elcafedepipa.com\/index.php\/wp-json\/wp\/v2\/categories?post=3911"},{"taxonomy":"post_tag","embeddable":true,"href":"https:\/\/elcafedepipa.com\/index.php\/wp-json\/wp\/v2\/tags?post=3911"}],"curies":[{"name":"wp","href":"https:\/\/api.w.org\/{rel}","templated":true}]}}