{"id":3906,"date":"2024-08-01T14:29:39","date_gmt":"2024-08-01T12:29:39","guid":{"rendered":"https:\/\/elcafedepipa.com\/?p=3906"},"modified":"2024-08-01T14:29:41","modified_gmt":"2024-08-01T12:29:41","slug":"la-diputacio-de-castello-mostra-el-seu-suport-i-collaboracio-amb-la-comunitat-de-regants-de-la-comunitat-valenciana-per-a-la-implementacio-de-politiques-de-defensa-hidrica","status":"publish","type":"post","link":"https:\/\/elcafedepipa.com\/index.php\/2024\/08\/01\/la-diputacio-de-castello-mostra-el-seu-suport-i-collaboracio-amb-la-comunitat-de-regants-de-la-comunitat-valenciana-per-a-la-implementacio-de-politiques-de-defensa-hidrica\/","title":{"rendered":"La Diputaci\u00f3 de Castell\u00f3 mostra el seu suport i col\u00b7laboraci\u00f3 amb la Comunitat de Regants de la Comunitat Valenciana per a la implementaci\u00f3 de pol\u00edtiques de defensa h\u00eddrica"},"content":{"rendered":"\n<p>La presidenta de la instituci\u00f3 provincial, Marta Barrachina, al costat del vicepresident i responsable de l&#8217;\u00e0rea de Bon Govern, H\u00e9ctor Folgado, i el diputat de Cicle Integral de l&#8217;Aigua, Iv\u00e1n S\u00e1nchez, s&#8217;ha reunit este dijous amb la comissi\u00f3 permanent de la Federaci\u00f3 de Comunitats de Regants de la Comunitat Valenciana (Fecoreva) encap\u00e7alada pel president president de la Federaci\u00f3 i president del Sindicat Central d&#8217;Aig\u00fces del riu Millars, Pascual Broch, i els vicepresidents Salvador Mart\u00edn, Jos\u00e9 Antonio And\u00fajar i Francisco Vicente Romeu.<\/p>\n\n\n\n<p>Esta trobada forma part del suport de la Diputaci\u00f3 al sector primari de la prov\u00edncia i amb l&#8217;objectiu de posar en com\u00fa les l\u00ednies de treball encaminades a protegir els regants i agricultors del territori. Aix\u00ed, en la reuni\u00f3 mantinguda Fecoreva ha donat trasllat de les opinions i inquietuds actuals dels regants i agricultors de la prov\u00edncia de Castell\u00f3 i la Comunitat Valenciana, aix\u00ed com de la import\u00e0ncia d&#8217;una participaci\u00f3 activa per part dels regants en la presa de decisions perqu\u00e8 les seues veus i opinions siguen escoltades en el desenvolupament de les decisions pol\u00edtiques. La col\u00b7laboraci\u00f3 quant a la possible organitzaci\u00f3 d&#8217;actes i jornades tamb\u00e9 ha sigut un dels temes tractats en la trobada.<\/p>\n\n\n\n<p>En eixa necessitat de col\u00b7laboraci\u00f3 entre administracions incidir en el treball conjunt que s&#8217;est\u00e0 duent a terme des de la Generalitat i la Diputaci\u00f3 de Castell\u00f3 per a garantir el prove\u00efment d&#8217;aigua potable a la prov\u00edncia de Castell\u00f3. Sobre aquest tema es va procedir a la firma del protocol de cooperaci\u00f3 entre la Conselleria de Medi Ambient, Aigua, Infraestructures i Territori de la Generalitat Valenciana i la Diputaci\u00f3 de Castell\u00f3 per a l&#8217;execuci\u00f3 d&#8217;infraestructures hidr\u00e0uliques de prove\u00efment d&#8217;aigua potable a la prov\u00edncia, a m\u00e9s de la firma del protocol per a iniciar els tr\u00e0mits per a la dissoluci\u00f3 del Consorci Concessionari d&#8217;Aig\u00fces Pla de l\u2019Arc i del Consorci Concessionari d&#8217;Aig\u00fces \u2013 Xarxa de Prove\u00efment de la Plana, i la constituci\u00f3 d&#8217;un nou Consorci Provincial d&#8217;Aig\u00fces de Castell\u00f3; un nou consorci amb la finalitat d&#8217;aconseguir cohesi\u00f3, efici\u00e8ncia i solidaritat en la gesti\u00f3 dels recursos h\u00eddrics.<\/p>\n","protected":false},"excerpt":{"rendered":"<p>La presidenta de la instituci\u00f3 provincial, Marta Barrachina, al costat del vicepresident i responsable de l&#8217;\u00e0rea de Bon Govern, H\u00e9ctor Folgado, i el diputat de Cicle Integral de l&#8217;Aigua, Iv\u00e1n S\u00e1nchez, s&#8217;ha reunit este dijous amb la comissi\u00f3 permanent de la Federaci\u00f3 de Comunitats de Regants de la Comunitat Valenciana (Fecoreva) encap\u00e7alada pel president president &#8230; <a title=\"La Diputaci\u00f3 de Castell\u00f3 mostra el seu suport i col\u00b7laboraci\u00f3 amb la Comunitat de Regants de la Comunitat Valenciana per a la implementaci\u00f3 de pol\u00edtiques de defensa h\u00eddrica\" class=\"read-more\" href=\"https:\/\/elcafedepipa.com\/index.php\/2024\/08\/01\/la-diputacio-de-castello-mostra-el-seu-suport-i-collaboracio-amb-la-comunitat-de-regants-de-la-comunitat-valenciana-per-a-la-implementacio-de-politiques-de-defensa-hidrica\/\" aria-label=\"M\u00e9s informaci\u00f3 sobre La Diputaci\u00f3 de Castell\u00f3 mostra el seu suport i col\u00b7laboraci\u00f3 amb la Comunitat de Regants de la Comunitat Valenciana per a la implementaci\u00f3 de pol\u00edtiques de defensa h\u00eddrica\">Read more<\/a><\/p>\n","protected":false},"author":2,"featured_media":3907,"comment_status":"closed","ping_status":"closed","sticky":false,"template":"","format":"standard","meta":{"om_disable_all_campaigns":false,"_monsterinsights_skip_tracking":false,"_monsterinsights_sitenote_active":false,"_monsterinsights_sitenote_note":"","_monsterinsights_sitenote_category":0,"_uf_show_specific_survey":0,"_uf_disable_surveys":false,"footnotes":""},"categories":[10],"tags":[],"class_list":["post-3906","post","type-post","status-publish","format-standard","has-post-thumbnail","hentry","category-provinciadecastello"],"_links":{"self":[{"href":"https:\/\/elcafedepipa.com\/index.php\/wp-json\/wp\/v2\/posts\/3906","targetHints":{"allow":["GET"]}}],"collection":[{"href":"https:\/\/elcafedepipa.com\/index.php\/wp-json\/wp\/v2\/posts"}],"about":[{"href":"https:\/\/elcafedepipa.com\/index.php\/wp-json\/wp\/v2\/types\/post"}],"author":[{"embeddable":true,"href":"https:\/\/elcafedepipa.com\/index.php\/wp-json\/wp\/v2\/users\/2"}],"replies":[{"embeddable":true,"href":"https:\/\/elcafedepipa.com\/index.php\/wp-json\/wp\/v2\/comments?post=3906"}],"version-history":[{"count":0,"href":"https:\/\/elcafedepipa.com\/index.php\/wp-json\/wp\/v2\/posts\/3906\/revisions"}],"wp:featuredmedia":[{"embeddable":true,"href":"https:\/\/elcafedepipa.com\/index.php\/wp-json\/wp\/v2\/media\/3907"}],"wp:attachment":[{"href":"https:\/\/elcafedepipa.com\/index.php\/wp-json\/wp\/v2\/media?parent=3906"}],"wp:term":[{"taxonomy":"category","embeddable":true,"href":"https:\/\/elcafedepipa.com\/index.php\/wp-json\/wp\/v2\/categories?post=3906"},{"taxonomy":"post_tag","embeddable":true,"href":"https:\/\/elcafedepipa.com\/index.php\/wp-json\/wp\/v2\/tags?post=3906"}],"curies":[{"name":"wp","href":"https:\/\/api.w.org\/{rel}","templated":true}]}}