{"id":3903,"date":"2024-08-01T14:25:54","date_gmt":"2024-08-01T12:25:54","guid":{"rendered":"https:\/\/elcafedepipa.com\/?p=3903"},"modified":"2024-08-01T14:25:55","modified_gmt":"2024-08-01T12:25:55","slug":"obert-el-termini-a-nules-per-a-que-les-penyes-facen-les-inscripcions-als-actes-festius","status":"publish","type":"post","link":"https:\/\/elcafedepipa.com\/index.php\/2024\/08\/01\/obert-el-termini-a-nules-per-a-que-les-penyes-facen-les-inscripcions-als-actes-festius\/","title":{"rendered":"Obert el termini a Nules per a que les Penyes facen les inscripcions als actes festius"},"content":{"rendered":"\n<p>L\u2019Ajuntament de Nules ha obert el termini per a que les penyes puguen inscriu-se als diferents actes emmarcats en les festes patronals en honor a Sant Bartomeu que se celebraran els dies del 17 al 25 d\u2019agost.<\/p>\n\n\n\n<p>De fet, enguany, com a novetat, des de la regidoria de Festes s\u2019ha creat un enlla\u00e7&nbsp; amb un formulari on es poden fer totes les inscripcions des de qualsevol dispositiu m\u00f2bil. De manera que, fins dijous 8 d\u2019agost les penyes poden apuntar-se per muntar el cadafal divendres 16 d\u2019agost; per al sopar de germanor que tindr\u00e0 lloc dilluns 19 d\u2019agost; per a participar en la desfilada de disfresses que es far\u00e0 dijous 22 d\u2019agost; o tamb\u00e9 poden sol\u00b7licitar talls de carrer per a dinar o sopar.&nbsp; Al respecte, la regidora de Festes, Blanca Silvestre, comenta que \u201camb aquesta nova iniciativa volem facilitar al ve\u00efnat aquest tr\u00e0mit, donat que aix\u00ed no fa falta anar a l\u2019ajuntament per fer les inscripcions. A m\u00e9s, al fer-lo de manera telem\u00e0tica tamb\u00e9 es pot des del consistori agilitzar aquesta gesti\u00f3. Cal assenyalar que a la Festa de Paelles, que va tindre lloc al mes d\u2019abril, tamb\u00e9 es van fer les inscripcions en l\u00ednia, i el resultat va ser molt positiu, per tant esperem tamb\u00e9 en aquestes festes una molt bona resposta de les penyes\u201d. &nbsp;&nbsp;<\/p>\n","protected":false},"excerpt":{"rendered":"<p>L\u2019Ajuntament de Nules ha obert el termini per a que les penyes puguen inscriu-se als diferents actes emmarcats en les festes patronals en honor a Sant Bartomeu que se celebraran els dies del 17 al 25 d\u2019agost. De fet, enguany, com a novetat, des de la regidoria de Festes s\u2019ha creat un enlla\u00e7&nbsp; amb un &#8230; <a title=\"Obert el termini a Nules per a que les Penyes facen les inscripcions als actes festius\" class=\"read-more\" href=\"https:\/\/elcafedepipa.com\/index.php\/2024\/08\/01\/obert-el-termini-a-nules-per-a-que-les-penyes-facen-les-inscripcions-als-actes-festius\/\" aria-label=\"M\u00e9s informaci\u00f3 sobre Obert el termini a Nules per a que les Penyes facen les inscripcions als actes festius\">Read more<\/a><\/p>\n","protected":false},"author":2,"featured_media":3904,"comment_status":"closed","ping_status":"closed","sticky":false,"template":"","format":"standard","meta":{"om_disable_all_campaigns":false,"_monsterinsights_skip_tracking":false,"_monsterinsights_sitenote_active":false,"_monsterinsights_sitenote_note":"","_monsterinsights_sitenote_category":0,"_uf_show_specific_survey":0,"_uf_disable_surveys":false,"footnotes":""},"categories":[3],"tags":[],"class_list":["post-3903","post","type-post","status-publish","format-standard","has-post-thumbnail","hentry","category-nules"],"_links":{"self":[{"href":"https:\/\/elcafedepipa.com\/index.php\/wp-json\/wp\/v2\/posts\/3903","targetHints":{"allow":["GET"]}}],"collection":[{"href":"https:\/\/elcafedepipa.com\/index.php\/wp-json\/wp\/v2\/posts"}],"about":[{"href":"https:\/\/elcafedepipa.com\/index.php\/wp-json\/wp\/v2\/types\/post"}],"author":[{"embeddable":true,"href":"https:\/\/elcafedepipa.com\/index.php\/wp-json\/wp\/v2\/users\/2"}],"replies":[{"embeddable":true,"href":"https:\/\/elcafedepipa.com\/index.php\/wp-json\/wp\/v2\/comments?post=3903"}],"version-history":[{"count":0,"href":"https:\/\/elcafedepipa.com\/index.php\/wp-json\/wp\/v2\/posts\/3903\/revisions"}],"wp:featuredmedia":[{"embeddable":true,"href":"https:\/\/elcafedepipa.com\/index.php\/wp-json\/wp\/v2\/media\/3904"}],"wp:attachment":[{"href":"https:\/\/elcafedepipa.com\/index.php\/wp-json\/wp\/v2\/media?parent=3903"}],"wp:term":[{"taxonomy":"category","embeddable":true,"href":"https:\/\/elcafedepipa.com\/index.php\/wp-json\/wp\/v2\/categories?post=3903"},{"taxonomy":"post_tag","embeddable":true,"href":"https:\/\/elcafedepipa.com\/index.php\/wp-json\/wp\/v2\/tags?post=3903"}],"curies":[{"name":"wp","href":"https:\/\/api.w.org\/{rel}","templated":true}]}}