{"id":3873,"date":"2024-07-31T16:39:45","date_gmt":"2024-07-31T14:39:45","guid":{"rendered":"https:\/\/elcafedepipa.com\/?p=3873"},"modified":"2024-07-31T16:44:21","modified_gmt":"2024-07-31T14:44:21","slug":"el-portaveu-del-pp-en-la-vall-herminio-serra-sentrevista-amb-la-direccio-general-de-dependencia","status":"publish","type":"post","link":"https:\/\/elcafedepipa.com\/index.php\/2024\/07\/31\/el-portaveu-del-pp-en-la-vall-herminio-serra-sentrevista-amb-la-direccio-general-de-dependencia\/","title":{"rendered":"El portaveu del PP en la Vall, Herminio Serra, s&#8217;entrevista amb la Direcci\u00f3 General de Depend\u00e8ncia."},"content":{"rendered":"\n<p>Amb el clar objectiu de con\u00e9ixer de primer\u00e0 m\u00e0 la situaci\u00f3 de la depend\u00e8ncia en la localitat i saber quants expedients es tramiten, el portaveu popular en l&#8217;Ajuntament de la Vall d&#8217;Uix\u00f3, Herminio Serra, ha estat aquest mat\u00ed en Val\u00e8ncia reunit amb Beatriz Sim\u00f3n, responsable de la cartera de la Direcci\u00f3 General de Depend\u00e8ncia. El regidor ha manifestat que &#8220;estem ac\u00ed per a millorar la vida dels nostres ve\u00efns i amb eixe \u00e0nim hem sol\u00b7licitat esta entrevista&#8221;, a la vegada que ha agra\u00eft la predisposici\u00f3 de Sim\u00f3n per a &#8220;aprofundir en les necessitats dels majors&#8221; i ha posat l&#8217;accent en &#8220;l&#8217;esfor\u00e7 que s&#8217;est\u00e0 duent a terme des del Consell per a agilitzar la resoluci\u00f3 dels expedients que en mans del PSOE i Comprom\u00eds van quedar estancats. Som conscients de quina \u00e9s l&#8217;her\u00e8ncia rebuda per\u00f2 estem decidits a donar-ho tot per les fam\u00edlies&#8221;.<\/p>\n\n\n\n<p>La trobada mantinguda per Herminio Serra amb la titular de la cartera de Depend\u00e8ncia forma part de l&#8217;agenda de reunions i contactes que el portaveu popular a la Vall d&#8217;Uix\u00f3 mant\u00e9 de manera peri\u00f2dica per a con\u00e9ixer &#8220;de primera m\u00e0 les q\u00fcestions que preocupen als meus ve\u00efns, per que cal fer-los la vdia m\u00e9s f\u00e0cil i eixa obstinaci\u00f3 \u00e9s el que ens mou cada dia&#8221; ha manifestat el regidor.<\/p>\n","protected":false},"excerpt":{"rendered":"<p>Amb el clar objectiu de con\u00e9ixer de primer\u00e0 m\u00e0 la situaci\u00f3 de la depend\u00e8ncia en la localitat i saber quants expedients es tramiten, el portaveu popular en l&#8217;Ajuntament de la Vall d&#8217;Uix\u00f3, Herminio Serra, ha estat aquest mat\u00ed en Val\u00e8ncia reunit amb Beatriz Sim\u00f3n, responsable de la cartera de la Direcci\u00f3 General de Depend\u00e8ncia. El &#8230; <a title=\"El portaveu del PP en la Vall, Herminio Serra, s&#8217;entrevista amb la Direcci\u00f3 General de Depend\u00e8ncia.\" class=\"read-more\" href=\"https:\/\/elcafedepipa.com\/index.php\/2024\/07\/31\/el-portaveu-del-pp-en-la-vall-herminio-serra-sentrevista-amb-la-direccio-general-de-dependencia\/\" aria-label=\"M\u00e9s informaci\u00f3 sobre El portaveu del PP en la Vall, Herminio Serra, s&#8217;entrevista amb la Direcci\u00f3 General de Depend\u00e8ncia.\">Read more<\/a><\/p>\n","protected":false},"author":2,"featured_media":0,"comment_status":"closed","ping_status":"closed","sticky":false,"template":"","format":"standard","meta":{"om_disable_all_campaigns":false,"_monsterinsights_skip_tracking":false,"_monsterinsights_sitenote_active":false,"_monsterinsights_sitenote_note":"","_monsterinsights_sitenote_category":0,"_uf_show_specific_survey":0,"_uf_disable_surveys":false,"footnotes":""},"categories":[1],"tags":[],"class_list":["post-3873","post","type-post","status-publish","format-standard","hentry","category-non-classe"],"_links":{"self":[{"href":"https:\/\/elcafedepipa.com\/index.php\/wp-json\/wp\/v2\/posts\/3873","targetHints":{"allow":["GET"]}}],"collection":[{"href":"https:\/\/elcafedepipa.com\/index.php\/wp-json\/wp\/v2\/posts"}],"about":[{"href":"https:\/\/elcafedepipa.com\/index.php\/wp-json\/wp\/v2\/types\/post"}],"author":[{"embeddable":true,"href":"https:\/\/elcafedepipa.com\/index.php\/wp-json\/wp\/v2\/users\/2"}],"replies":[{"embeddable":true,"href":"https:\/\/elcafedepipa.com\/index.php\/wp-json\/wp\/v2\/comments?post=3873"}],"version-history":[{"count":0,"href":"https:\/\/elcafedepipa.com\/index.php\/wp-json\/wp\/v2\/posts\/3873\/revisions"}],"wp:attachment":[{"href":"https:\/\/elcafedepipa.com\/index.php\/wp-json\/wp\/v2\/media?parent=3873"}],"wp:term":[{"taxonomy":"category","embeddable":true,"href":"https:\/\/elcafedepipa.com\/index.php\/wp-json\/wp\/v2\/categories?post=3873"},{"taxonomy":"post_tag","embeddable":true,"href":"https:\/\/elcafedepipa.com\/index.php\/wp-json\/wp\/v2\/tags?post=3873"}],"curies":[{"name":"wp","href":"https:\/\/api.w.org\/{rel}","templated":true}]}}