{"id":3841,"date":"2024-07-31T11:36:44","date_gmt":"2024-07-31T09:36:44","guid":{"rendered":"https:\/\/elcafedepipa.com\/?p=3841"},"modified":"2024-07-31T11:36:46","modified_gmt":"2024-07-31T09:36:46","slug":"la-unio-indica-que-les-restriccions-de-reg-en-lalt-palancia-posen-en-perill-uns-ingressos-agraris-de-12-milions-deuros","status":"publish","type":"post","link":"https:\/\/elcafedepipa.com\/index.php\/2024\/07\/31\/la-unio-indica-que-les-restriccions-de-reg-en-lalt-palancia-posen-en-perill-uns-ingressos-agraris-de-12-milions-deuros\/","title":{"rendered":"LA UNI\u00d3 indica que les restriccions de reg en l&#8217;Alt Pal\u00e0ncia posen en perill uns ingressos agraris de 12 milions d&#8217;euros"},"content":{"rendered":"\n<p>Les noves restriccions al reg posades en marxa per la Confederaci\u00f3 Hidrogr\u00e0fica del X\u00faquer (CHJ) a la comarca de l&#8217;Alt Pal\u00e0ncia posen en perill segons les estimacions de LA UNI\u00d3 uns ingressos per als llauradors de la zona estimats en al voltant de 12 milions d&#8217;euros, quantitat que seria el que deixarien de percebre en el cas de perdre la collita.<\/p>\n\n\n\n<p>Aquesta mateixa setmana la CHJ ha comunicat mitjan\u00e7ant un escrit dirigit a les comunitats de regants de Sot de Ferrer i Soneja que \u201cen tant no circule el cabal ecol\u00f2gic corresponent en la massa 13-06. Riu Pal\u00e0ncia: rambla Seca-embassament de Algar no es podr\u00e0 derivar aigua del riu Pal\u00e0ncia\u201d. Aquestes restriccions de reg a trav\u00e9s de les s\u00e9quies se sumen a les ja vigents des del passat 27 de maig en altres localitats de la comarca com s\u00f3n J\u00e9rica, Viver, Bejis i Teresa.<\/p>\n\n\n\n<p>En el total d&#8217;aquestes sis localitats hi ha 3.204 hect\u00e0rees cultivades, de les quals unes 1.000 es troben en regadiu, fonamentalment amb c\u00edtrics, hortalisses, oliveres, ametlers i fruiters que veuen amena\u00e7ada la seua superviv\u00e8ncia en la pr\u00f2xima collita i fins i tot en les plantacions si les restriccions es mantenen en el temps.<\/p>\n\n\n\n<p>LA UNI\u00d3 reclama un di\u00e0leg fluid entre la Confederaci\u00f3 Hidrogr\u00e0fica del X\u00faquer i els regants afectats abans de tallar el subministrament de reg. Per a aix\u00f2 sol\u00b7licitar\u00e0 una reuni\u00f3 urgent amb el comissari d&#8217;Aig\u00fces de la Confederaci\u00f3, Marc Garc\u00eda, per a analitzar la situaci\u00f3 i plantejar solucions com per exemple establir uns regs de socors o analitzar els pous d&#8217;emerg\u00e8ncia enfront de la sequera que existeixen en la zona.<\/p>\n\n\n\n<p>Carles Peris, secretari general de LA UNI\u00d3, indica que \u201ca punt d&#8217;entrar a l&#8217;agost no podem deixar de regar els nostres cultius quan ens juguem els ingressos de tot l&#8217;any i per aix\u00f2 caldria restablir el m\u00e9s urgentment possible el reg, i si no es restableix i es perden les collites caldria arbitrar una l\u00ednia d&#8217;ajudes directes per a compensar als llauradors afectats\u201d.<\/p>\n","protected":false},"excerpt":{"rendered":"<p>Les noves restriccions al reg posades en marxa per la Confederaci\u00f3 Hidrogr\u00e0fica del X\u00faquer (CHJ) a la comarca de l&#8217;Alt Pal\u00e0ncia posen en perill segons les estimacions de LA UNI\u00d3 uns ingressos per als llauradors de la zona estimats en al voltant de 12 milions d&#8217;euros, quantitat que seria el que deixarien de percebre en &#8230; <a title=\"LA UNI\u00d3 indica que les restriccions de reg en l&#8217;Alt Pal\u00e0ncia posen en perill uns ingressos agraris de 12 milions d&#8217;euros\" class=\"read-more\" href=\"https:\/\/elcafedepipa.com\/index.php\/2024\/07\/31\/la-unio-indica-que-les-restriccions-de-reg-en-lalt-palancia-posen-en-perill-uns-ingressos-agraris-de-12-milions-deuros\/\" aria-label=\"M\u00e9s informaci\u00f3 sobre LA UNI\u00d3 indica que les restriccions de reg en l&#8217;Alt Pal\u00e0ncia posen en perill uns ingressos agraris de 12 milions d&#8217;euros\">Read more<\/a><\/p>\n","protected":false},"author":2,"featured_media":0,"comment_status":"closed","ping_status":"closed","sticky":false,"template":"","format":"standard","meta":{"om_disable_all_campaigns":false,"_monsterinsights_skip_tracking":false,"_monsterinsights_sitenote_active":false,"_monsterinsights_sitenote_note":"","_monsterinsights_sitenote_category":0,"_uf_show_specific_survey":0,"_uf_disable_surveys":false,"footnotes":""},"categories":[10],"tags":[],"class_list":["post-3841","post","type-post","status-publish","format-standard","hentry","category-provinciadecastello"],"_links":{"self":[{"href":"https:\/\/elcafedepipa.com\/index.php\/wp-json\/wp\/v2\/posts\/3841","targetHints":{"allow":["GET"]}}],"collection":[{"href":"https:\/\/elcafedepipa.com\/index.php\/wp-json\/wp\/v2\/posts"}],"about":[{"href":"https:\/\/elcafedepipa.com\/index.php\/wp-json\/wp\/v2\/types\/post"}],"author":[{"embeddable":true,"href":"https:\/\/elcafedepipa.com\/index.php\/wp-json\/wp\/v2\/users\/2"}],"replies":[{"embeddable":true,"href":"https:\/\/elcafedepipa.com\/index.php\/wp-json\/wp\/v2\/comments?post=3841"}],"version-history":[{"count":0,"href":"https:\/\/elcafedepipa.com\/index.php\/wp-json\/wp\/v2\/posts\/3841\/revisions"}],"wp:attachment":[{"href":"https:\/\/elcafedepipa.com\/index.php\/wp-json\/wp\/v2\/media?parent=3841"}],"wp:term":[{"taxonomy":"category","embeddable":true,"href":"https:\/\/elcafedepipa.com\/index.php\/wp-json\/wp\/v2\/categories?post=3841"},{"taxonomy":"post_tag","embeddable":true,"href":"https:\/\/elcafedepipa.com\/index.php\/wp-json\/wp\/v2\/tags?post=3841"}],"curies":[{"name":"wp","href":"https:\/\/api.w.org\/{rel}","templated":true}]}}