{"id":3837,"date":"2024-07-31T13:45:00","date_gmt":"2024-07-31T11:45:00","guid":{"rendered":"https:\/\/elcafedepipa.com\/?p=3837"},"modified":"2024-07-31T11:16:47","modified_gmt":"2024-07-31T09:16:47","slug":"podcast-acaba-lescola-destiu-i-arranca-el-castro-festival-en-alfondeguilla","status":"publish","type":"post","link":"https:\/\/elcafedepipa.com\/index.php\/2024\/07\/31\/podcast-acaba-lescola-destiu-i-arranca-el-castro-festival-en-alfondeguilla\/","title":{"rendered":"Podcast | Acaba l&#8217;Escola d&#8217;Estiu i arranca el Castro Festival en Alfondeguilla"},"content":{"rendered":"\n<p>Amb l&#8217;alcalde d&#8217;Alfondeguilla, Salvador Ventura, hem parlat de la clausura de l&#8217;escola d&#8217;estiu; de les obres que estan fent-se en l&#8217;escola i que ara tamb\u00e9 ampliaran el pati; de la satisfacci\u00f3 per la declaraci\u00f3 de Festa d&#8217;Inter\u00e9s Tur\u00edstic Local de la Passi\u00f3 d&#8217;Alfondeguilla, i de la setena edici\u00f3 del Castro Festival que arranca hui.<\/p>\n\n\n\n<figure class=\"wp-block-audio\"><audio controls src=\"https:\/\/elcafedepipa.com\/wp-content\/uploads\/2024\/07\/salvaventura31jul.mp3\"><\/audio><\/figure>\n","protected":false},"excerpt":{"rendered":"<p>Amb l&#8217;alcalde d&#8217;Alfondeguilla, Salvador Ventura, hem parlat de la clausura de l&#8217;escola d&#8217;estiu; de les obres que estan fent-se en l&#8217;escola i que ara tamb\u00e9 ampliaran el pati; de la satisfacci\u00f3 per la declaraci\u00f3 de Festa d&#8217;Inter\u00e9s Tur\u00edstic Local de la Passi\u00f3 d&#8217;Alfondeguilla, i de la setena edici\u00f3 del Castro Festival que arranca hui.<\/p>\n","protected":false},"author":2,"featured_media":0,"comment_status":"closed","ping_status":"closed","sticky":false,"template":"","format":"standard","meta":{"om_disable_all_campaigns":false,"_monsterinsights_skip_tracking":false,"_monsterinsights_sitenote_active":false,"_monsterinsights_sitenote_note":"","_monsterinsights_sitenote_category":0,"_uf_show_specific_survey":0,"_uf_disable_surveys":false,"footnotes":""},"categories":[9],"tags":[],"class_list":["post-3837","post","type-post","status-publish","format-standard","hentry","category-alfondeguilla"],"_links":{"self":[{"href":"https:\/\/elcafedepipa.com\/index.php\/wp-json\/wp\/v2\/posts\/3837","targetHints":{"allow":["GET"]}}],"collection":[{"href":"https:\/\/elcafedepipa.com\/index.php\/wp-json\/wp\/v2\/posts"}],"about":[{"href":"https:\/\/elcafedepipa.com\/index.php\/wp-json\/wp\/v2\/types\/post"}],"author":[{"embeddable":true,"href":"https:\/\/elcafedepipa.com\/index.php\/wp-json\/wp\/v2\/users\/2"}],"replies":[{"embeddable":true,"href":"https:\/\/elcafedepipa.com\/index.php\/wp-json\/wp\/v2\/comments?post=3837"}],"version-history":[{"count":0,"href":"https:\/\/elcafedepipa.com\/index.php\/wp-json\/wp\/v2\/posts\/3837\/revisions"}],"wp:attachment":[{"href":"https:\/\/elcafedepipa.com\/index.php\/wp-json\/wp\/v2\/media?parent=3837"}],"wp:term":[{"taxonomy":"category","embeddable":true,"href":"https:\/\/elcafedepipa.com\/index.php\/wp-json\/wp\/v2\/categories?post=3837"},{"taxonomy":"post_tag","embeddable":true,"href":"https:\/\/elcafedepipa.com\/index.php\/wp-json\/wp\/v2\/tags?post=3837"}],"curies":[{"name":"wp","href":"https:\/\/api.w.org\/{rel}","templated":true}]}}