{"id":3833,"date":"2024-07-31T11:04:58","date_gmt":"2024-07-31T09:04:58","guid":{"rendered":"https:\/\/elcafedepipa.com\/?p=3833"},"modified":"2024-07-31T11:04:59","modified_gmt":"2024-07-31T09:04:59","slug":"neteja-de-lentorn-natural-i-manteniment-de-camins-rurals-en-moncofa","status":"publish","type":"post","link":"https:\/\/elcafedepipa.com\/index.php\/2024\/07\/31\/neteja-de-lentorn-natural-i-manteniment-de-camins-rurals-en-moncofa\/","title":{"rendered":"Neteja de l&#8217;entorn natural i manteniment de camins rurals en Moncofa"},"content":{"rendered":"\n<p>L&#8217;Ajuntament de Moncofa est\u00e0 millorant l&#8217;entorn natural del municipi enfocant-se en la neteja i manteniment dels camins rurals i la preparaci\u00f3 adequada de les s\u00e9quies per a la temporada de pluges, que pot comen\u00e7ar a finals de l&#8217;estiu o a principis de la tardor. Per a dur a terme estes tasques, s&#8217;han afegit 32 nous treballadors a la brigada, gr\u00e0cies al finan\u00e7ament del Servei P\u00fablic d&#8217;Ocupaci\u00f3 Estatal (SEPE).<\/p>\n\n\n\n<p>Jos\u00e9 Mar\u00eda Andr\u00e9s, regidor de Recursos Humans i Ocupaci\u00f3, ha destacat la import\u00e0ncia de la prevenci\u00f3: &#8220;Previndre \u00e9s la millor manera de treballar. Les diferents accions que iniciem al juliol repercutiran directament en el benestar del ve\u00efnat. Mantenim en un bon estat els camins rurals que s\u00f3n di\u00e0riament transitats, i alhora ens preparem per a l&#8217;arribada de pluges amb unes s\u00e9quies netes i aptes per a facilitar l&#8217;evacuaci\u00f3 d&#8217;aig\u00fces&#8221;. Tamb\u00e9 ha ressaltat que esta iniciativa oferix oportunitats laborals a 32 persones desocupades en cicles agr\u00edcoles on les opcions de treball s\u00f3n limitades, ajudant aix\u00ed a mantindre la seguretat a Moncofa.<\/p>\n\n\n\n<p>Els treballs inclouen la neteja de marges i la conservaci\u00f3 de cunetes dels camins rurals que connecten i dividixen el terme municipal de Moncofa, donant acc\u00e9s a finques i explotacions agropecu\u00e0ries. A m\u00e9s, s&#8217;ha posat un \u00e8mfasi especial en la vigil\u00e0ncia de les s\u00e9quies per a assegurar el seu correcte estat estructural i la neteja d&#8217;elements que puguen contindre al seu interior.<\/p>\n\n\n\n<p><\/p>\n","protected":false},"excerpt":{"rendered":"<p>L&#8217;Ajuntament de Moncofa est\u00e0 millorant l&#8217;entorn natural del municipi enfocant-se en la neteja i manteniment dels camins rurals i la preparaci\u00f3 adequada de les s\u00e9quies per a la temporada de pluges, que pot comen\u00e7ar a finals de l&#8217;estiu o a principis de la tardor. Per a dur a terme estes tasques, s&#8217;han afegit 32 nous &#8230; <a title=\"Neteja de l&#8217;entorn natural i manteniment de camins rurals en Moncofa\" class=\"read-more\" href=\"https:\/\/elcafedepipa.com\/index.php\/2024\/07\/31\/neteja-de-lentorn-natural-i-manteniment-de-camins-rurals-en-moncofa\/\" aria-label=\"M\u00e9s informaci\u00f3 sobre Neteja de l&#8217;entorn natural i manteniment de camins rurals en Moncofa\">Read more<\/a><\/p>\n","protected":false},"author":2,"featured_media":0,"comment_status":"closed","ping_status":"closed","sticky":false,"template":"","format":"standard","meta":{"om_disable_all_campaigns":false,"_monsterinsights_skip_tracking":false,"_monsterinsights_sitenote_active":false,"_monsterinsights_sitenote_note":"","_monsterinsights_sitenote_category":0,"_uf_show_specific_survey":0,"_uf_disable_surveys":false,"footnotes":""},"categories":[4],"tags":[],"class_list":["post-3833","post","type-post","status-publish","format-standard","hentry","category-moncofa"],"_links":{"self":[{"href":"https:\/\/elcafedepipa.com\/index.php\/wp-json\/wp\/v2\/posts\/3833","targetHints":{"allow":["GET"]}}],"collection":[{"href":"https:\/\/elcafedepipa.com\/index.php\/wp-json\/wp\/v2\/posts"}],"about":[{"href":"https:\/\/elcafedepipa.com\/index.php\/wp-json\/wp\/v2\/types\/post"}],"author":[{"embeddable":true,"href":"https:\/\/elcafedepipa.com\/index.php\/wp-json\/wp\/v2\/users\/2"}],"replies":[{"embeddable":true,"href":"https:\/\/elcafedepipa.com\/index.php\/wp-json\/wp\/v2\/comments?post=3833"}],"version-history":[{"count":0,"href":"https:\/\/elcafedepipa.com\/index.php\/wp-json\/wp\/v2\/posts\/3833\/revisions"}],"wp:attachment":[{"href":"https:\/\/elcafedepipa.com\/index.php\/wp-json\/wp\/v2\/media?parent=3833"}],"wp:term":[{"taxonomy":"category","embeddable":true,"href":"https:\/\/elcafedepipa.com\/index.php\/wp-json\/wp\/v2\/categories?post=3833"},{"taxonomy":"post_tag","embeddable":true,"href":"https:\/\/elcafedepipa.com\/index.php\/wp-json\/wp\/v2\/tags?post=3833"}],"curies":[{"name":"wp","href":"https:\/\/api.w.org\/{rel}","templated":true}]}}