{"id":3816,"date":"2024-07-30T15:19:54","date_gmt":"2024-07-30T13:19:54","guid":{"rendered":"https:\/\/elcafedepipa.com\/?p=3816"},"modified":"2024-07-30T15:20:02","modified_gmt":"2024-07-30T13:20:02","slug":"nules-presenta-la-programacio-festiva-de-sant-roc-i-sant-bertomeu-del-4-al-25-dagost","status":"publish","type":"post","link":"https:\/\/elcafedepipa.com\/index.php\/2024\/07\/30\/nules-presenta-la-programacio-festiva-de-sant-roc-i-sant-bertomeu-del-4-al-25-dagost\/","title":{"rendered":"Nules presenta la programaci\u00f3 festiva de Sant Roc i Sant Bertomeu del 4 al 25 d&#8217;agost"},"content":{"rendered":"\n<p>Nules comen\u00e7ar\u00e0 aquest cap de setmana els actes festius en honor a Sant Roc, que tindran lloc a les platges de Nules del 4 al 16 d\u2019agost. Despr\u00e9s seguiran les festes patronals en honor a Sant Bartomeu a la vila de Nules del 17 al 25 d\u2019agost.<\/p>\n\n\n\n<p>La regidora de Festes, Blanca Silvestre, ha presentat la programaci\u00f3, que inclou la tradicional Fira d\u2019Oportunitats i ONGs, el club de lectura d&#8217;estiu amb Inma Castell, ball per a la gent major, tallers infantils, jocs, un parc aqu\u00e0tic, esdeveniments esportius com la travessia mar\u00edtima i la Volta a Peu Sant Roc, la Nit dels Farolets, la Nit d\u2019Humor i M\u00e0gia, i actes taurins. Els actes religiosos del 16 d\u2019agost inclouran missa, process\u00f3, benedicci\u00f3 de bescuits i pans, i un castell de focs d\u2019artifici.<\/p>\n\n\n\n<p>Les festes de Sant Bartomeu comen\u00e7aran amb la tradicional crida de festes el 17 d\u2019agost, amb la festa de la bromera i discom\u00f2bil. Aquest any la crida es far\u00e0 al mat\u00ed i la crida infantil a la vesprada. Les actuacions seran itinerants per garantir el descans del ve\u00efnat. Hi haur\u00e0 deu bous, actuacions musicals, un concert tribut al Canto del Loco el 24 d\u2019agost i un concert tribut a Queen el 25 d\u2019agost. Tamb\u00e9 hi haur\u00e0 actes religiosos el 24 d\u2019agost, la Nit de Ronda el 20 d\u2019agost, un sopar de germanor i la desfilada de disfresses. El tardeo al mes\u00f3 de la tapa comptar\u00e0 amb diferents actuacions musicals.<\/p>\n","protected":false},"excerpt":{"rendered":"<p>Nules comen\u00e7ar\u00e0 aquest cap de setmana els actes festius en honor a Sant Roc, que tindran lloc a les platges de Nules del 4 al 16 d\u2019agost. Despr\u00e9s seguiran les festes patronals en honor a Sant Bartomeu a la vila de Nules del 17 al 25 d\u2019agost. La regidora de Festes, Blanca Silvestre, ha presentat &#8230; <a title=\"Nules presenta la programaci\u00f3 festiva de Sant Roc i Sant Bertomeu del 4 al 25 d&#8217;agost\" class=\"read-more\" href=\"https:\/\/elcafedepipa.com\/index.php\/2024\/07\/30\/nules-presenta-la-programacio-festiva-de-sant-roc-i-sant-bertomeu-del-4-al-25-dagost\/\" aria-label=\"M\u00e9s informaci\u00f3 sobre Nules presenta la programaci\u00f3 festiva de Sant Roc i Sant Bertomeu del 4 al 25 d&#8217;agost\">Read more<\/a><\/p>\n","protected":false},"author":2,"featured_media":0,"comment_status":"closed","ping_status":"closed","sticky":false,"template":"","format":"standard","meta":{"om_disable_all_campaigns":false,"_monsterinsights_skip_tracking":false,"_monsterinsights_sitenote_active":false,"_monsterinsights_sitenote_note":"","_monsterinsights_sitenote_category":0,"_uf_show_specific_survey":0,"_uf_disable_surveys":false,"footnotes":""},"categories":[3],"tags":[],"class_list":["post-3816","post","type-post","status-publish","format-standard","hentry","category-nules"],"_links":{"self":[{"href":"https:\/\/elcafedepipa.com\/index.php\/wp-json\/wp\/v2\/posts\/3816","targetHints":{"allow":["GET"]}}],"collection":[{"href":"https:\/\/elcafedepipa.com\/index.php\/wp-json\/wp\/v2\/posts"}],"about":[{"href":"https:\/\/elcafedepipa.com\/index.php\/wp-json\/wp\/v2\/types\/post"}],"author":[{"embeddable":true,"href":"https:\/\/elcafedepipa.com\/index.php\/wp-json\/wp\/v2\/users\/2"}],"replies":[{"embeddable":true,"href":"https:\/\/elcafedepipa.com\/index.php\/wp-json\/wp\/v2\/comments?post=3816"}],"version-history":[{"count":0,"href":"https:\/\/elcafedepipa.com\/index.php\/wp-json\/wp\/v2\/posts\/3816\/revisions"}],"wp:attachment":[{"href":"https:\/\/elcafedepipa.com\/index.php\/wp-json\/wp\/v2\/media?parent=3816"}],"wp:term":[{"taxonomy":"category","embeddable":true,"href":"https:\/\/elcafedepipa.com\/index.php\/wp-json\/wp\/v2\/categories?post=3816"},{"taxonomy":"post_tag","embeddable":true,"href":"https:\/\/elcafedepipa.com\/index.php\/wp-json\/wp\/v2\/tags?post=3816"}],"curies":[{"name":"wp","href":"https:\/\/api.w.org\/{rel}","templated":true}]}}