{"id":3793,"date":"2024-07-30T14:30:00","date_gmt":"2024-07-30T12:30:00","guid":{"rendered":"https:\/\/elcafedepipa.com\/?p=3793"},"modified":"2024-07-30T12:22:49","modified_gmt":"2024-07-30T10:22:49","slug":"moncofa-presenta-el-primer-llibre-duna-colleccio-per-a-recordar-el-valor-patrimonial-cultural-i-turistic-de-les-casetes-de-la-mar","status":"publish","type":"post","link":"https:\/\/elcafedepipa.com\/index.php\/2024\/07\/30\/moncofa-presenta-el-primer-llibre-duna-colleccio-per-a-recordar-el-valor-patrimonial-cultural-i-turistic-de-les-casetes-de-la-mar\/","title":{"rendered":"Moncofa presenta el primer llibre d&#8217;una col\u00b7lecci\u00f3 per a recordar el valor patrimonial, cultural i tur\u00edstic de &#8216;les casetes de la mar&#8217;"},"content":{"rendered":"\n<p>L&#8217;Ajuntament de Moncofa continua protegint i posant en valor el seu patrimoni cultural i tur\u00edstic, destacant &#8216;les casetes de la mar&#8217;. Aquest diumenge 4 d&#8217;agost a les 20 h es presentar\u00e0 el primer volum de la s\u00e8rie de publicacions sobre aquestes vivendes, titulat &#8216;La casa del Dr. Moros&#8217;, a l&#8217;avinguda Mare Nostrum 16. Constru\u00efda fa m\u00e9s de 90 anys per l&#8217;arquitecte Lu\u00eds Costa, aquesta casa va ser utilitzada durant la Guerra Civil i encara conserva els seus dissenys originals dels anys 30.<\/p>\n\n\n\n<p>El llibre, editat per l&#8217;Ajuntament i escrit per Miguel \u00c1ngel Sanz Juli\u00e0, t\u00e9 64 p\u00e0gines i una portada il\u00b7lustrada per Conxa Llombart. L&#8217;alcalde de Moncofa, Wences Al\u00f3s Valls, ha destacat la import\u00e0ncia de protegir aquestes construccions i ha convidat a la ciutadania a col\u00b7laborar amb fotografies o informaci\u00f3 sobre la vida al Grau de Moncofa per enriquir el projecte.<\/p>\n\n\n\n<p>El Doctor Moros va triar el Grau de Moncofa per al retir i el descans estiuenc, intencions que es van veure truncades despr\u00e9s de l&#8217;esclat de la Guerra Civil i es va usar en la contesa i postguerra per tots dos b\u00e0ndols.<\/p>\n","protected":false},"excerpt":{"rendered":"<p>L&#8217;Ajuntament de Moncofa continua protegint i posant en valor el seu patrimoni cultural i tur\u00edstic, destacant &#8216;les casetes de la mar&#8217;. Aquest diumenge 4 d&#8217;agost a les 20 h es presentar\u00e0 el primer volum de la s\u00e8rie de publicacions sobre aquestes vivendes, titulat &#8216;La casa del Dr. Moros&#8217;, a l&#8217;avinguda Mare Nostrum 16. Constru\u00efda fa &#8230; <a title=\"Moncofa presenta el primer llibre d&#8217;una col\u00b7lecci\u00f3 per a recordar el valor patrimonial, cultural i tur\u00edstic de &#8216;les casetes de la mar&#8217;\" class=\"read-more\" href=\"https:\/\/elcafedepipa.com\/index.php\/2024\/07\/30\/moncofa-presenta-el-primer-llibre-duna-colleccio-per-a-recordar-el-valor-patrimonial-cultural-i-turistic-de-les-casetes-de-la-mar\/\" aria-label=\"M\u00e9s informaci\u00f3 sobre Moncofa presenta el primer llibre d&#8217;una col\u00b7lecci\u00f3 per a recordar el valor patrimonial, cultural i tur\u00edstic de &#8216;les casetes de la mar&#8217;\">Read more<\/a><\/p>\n","protected":false},"author":2,"featured_media":0,"comment_status":"closed","ping_status":"closed","sticky":false,"template":"","format":"standard","meta":{"om_disable_all_campaigns":false,"_monsterinsights_skip_tracking":false,"_monsterinsights_sitenote_active":false,"_monsterinsights_sitenote_note":"","_monsterinsights_sitenote_category":0,"_uf_show_specific_survey":0,"_uf_disable_surveys":false,"footnotes":""},"categories":[4],"tags":[],"class_list":["post-3793","post","type-post","status-publish","format-standard","hentry","category-moncofa"],"_links":{"self":[{"href":"https:\/\/elcafedepipa.com\/index.php\/wp-json\/wp\/v2\/posts\/3793","targetHints":{"allow":["GET"]}}],"collection":[{"href":"https:\/\/elcafedepipa.com\/index.php\/wp-json\/wp\/v2\/posts"}],"about":[{"href":"https:\/\/elcafedepipa.com\/index.php\/wp-json\/wp\/v2\/types\/post"}],"author":[{"embeddable":true,"href":"https:\/\/elcafedepipa.com\/index.php\/wp-json\/wp\/v2\/users\/2"}],"replies":[{"embeddable":true,"href":"https:\/\/elcafedepipa.com\/index.php\/wp-json\/wp\/v2\/comments?post=3793"}],"version-history":[{"count":0,"href":"https:\/\/elcafedepipa.com\/index.php\/wp-json\/wp\/v2\/posts\/3793\/revisions"}],"wp:attachment":[{"href":"https:\/\/elcafedepipa.com\/index.php\/wp-json\/wp\/v2\/media?parent=3793"}],"wp:term":[{"taxonomy":"category","embeddable":true,"href":"https:\/\/elcafedepipa.com\/index.php\/wp-json\/wp\/v2\/categories?post=3793"},{"taxonomy":"post_tag","embeddable":true,"href":"https:\/\/elcafedepipa.com\/index.php\/wp-json\/wp\/v2\/tags?post=3793"}],"curies":[{"name":"wp","href":"https:\/\/api.w.org\/{rel}","templated":true}]}}