{"id":3772,"date":"2024-07-31T14:00:00","date_gmt":"2024-07-31T12:00:00","guid":{"rendered":"https:\/\/elcafedepipa.com\/?p=3772"},"modified":"2024-07-31T11:11:56","modified_gmt":"2024-07-31T09:11:56","slug":"jorge-garcia-regidor-docupacio-de-la-vall","status":"publish","type":"post","link":"https:\/\/elcafedepipa.com\/index.php\/2024\/07\/31\/jorge-garcia-regidor-docupacio-de-la-vall\/","title":{"rendered":"Podcast | Jorge Garc\u00eda, regidor d&#8217;ocupaci\u00f3 i Fons Europeus"},"content":{"rendered":"\n<p>El convidat de la secci\u00f3 estiuenca d&#8217;aquest \u00faltim dia de juliol ha estat el regidor d&#8217;Ocupaci\u00f3 i Fons Europeus de l&#8217;Ajuntament de la Vall d&#8217;Uix\u00f3, Jorge Garc\u00eda. Amb ell hem repassat temes d&#8217;actualitat relacionades amb les \u00e0rees que porta, i tamb\u00e9 hem conegut xifres i dades.<\/p>\n\n\n\n<figure class=\"wp-block-audio\"><audio controls src=\"https:\/\/elcafedepipa.com\/wp-content\/uploads\/2024\/07\/jorge31jul.mp3\"><\/audio><\/figure>\n\n\n\n<p><\/p>\n","protected":false},"excerpt":{"rendered":"<p>El convidat de la secci\u00f3 estiuenca d&#8217;aquest \u00faltim dia de juliol ha estat el regidor d&#8217;Ocupaci\u00f3 i Fons Europeus de l&#8217;Ajuntament de la Vall d&#8217;Uix\u00f3, Jorge Garc\u00eda. Amb ell hem repassat temes d&#8217;actualitat relacionades amb les \u00e0rees que porta, i tamb\u00e9 hem conegut xifres i dades.<\/p>\n","protected":false},"author":2,"featured_media":0,"comment_status":"closed","ping_status":"closed","sticky":false,"template":"","format":"standard","meta":{"om_disable_all_campaigns":false,"_monsterinsights_skip_tracking":false,"_monsterinsights_sitenote_active":false,"_monsterinsights_sitenote_note":"","_monsterinsights_sitenote_category":0,"_uf_show_specific_survey":0,"_uf_disable_surveys":false,"footnotes":""},"categories":[2],"tags":[],"class_list":["post-3772","post","type-post","status-publish","format-standard","hentry","category-lavallduixo"],"_links":{"self":[{"href":"https:\/\/elcafedepipa.com\/index.php\/wp-json\/wp\/v2\/posts\/3772","targetHints":{"allow":["GET"]}}],"collection":[{"href":"https:\/\/elcafedepipa.com\/index.php\/wp-json\/wp\/v2\/posts"}],"about":[{"href":"https:\/\/elcafedepipa.com\/index.php\/wp-json\/wp\/v2\/types\/post"}],"author":[{"embeddable":true,"href":"https:\/\/elcafedepipa.com\/index.php\/wp-json\/wp\/v2\/users\/2"}],"replies":[{"embeddable":true,"href":"https:\/\/elcafedepipa.com\/index.php\/wp-json\/wp\/v2\/comments?post=3772"}],"version-history":[{"count":0,"href":"https:\/\/elcafedepipa.com\/index.php\/wp-json\/wp\/v2\/posts\/3772\/revisions"}],"wp:attachment":[{"href":"https:\/\/elcafedepipa.com\/index.php\/wp-json\/wp\/v2\/media?parent=3772"}],"wp:term":[{"taxonomy":"category","embeddable":true,"href":"https:\/\/elcafedepipa.com\/index.php\/wp-json\/wp\/v2\/categories?post=3772"},{"taxonomy":"post_tag","embeddable":true,"href":"https:\/\/elcafedepipa.com\/index.php\/wp-json\/wp\/v2\/tags?post=3772"}],"curies":[{"name":"wp","href":"https:\/\/api.w.org\/{rel}","templated":true}]}}