{"id":3753,"date":"2024-07-30T10:30:00","date_gmt":"2024-07-30T08:30:00","guid":{"rendered":"https:\/\/elcafedepipa.com\/?p=3753"},"modified":"2024-07-29T21:13:15","modified_gmt":"2024-07-29T19:13:15","slug":"del-3-al-17-dagost-festes-destiu-a-la-platja-casablanca-dalmenara","status":"publish","type":"post","link":"https:\/\/elcafedepipa.com\/index.php\/2024\/07\/30\/del-3-al-17-dagost-festes-destiu-a-la-platja-casablanca-dalmenara\/","title":{"rendered":"Del 3 al 17 d&#8217;agost festes d&#8217;estiu a la Platja Casablanca d&#8217;Almenara"},"content":{"rendered":"\n<p>L\u2019Ajuntament d\u2019Almenara ha presentat una nova edici\u00f3 de les Festes d\u2019Estiu de la platja Casablanca de la localitat que comen\u00e7aran amb la Volta a Peu el dissabte 3 d\u2019agost i acabaran amb el Xixo Xixero el dissabte 17. Els concerts i la m\u00fasica, els espectacles per a p\u00fablic familiar, el cinema, les visites guiades al Conjunt Memorial, les vaques i els bous, els actes religiosos, les prefestes i el castell de focs artificials compondran una programaci\u00f3 variada per a tots els gustos.<\/p>\n\n\n\n<p>En el cap\u00edtol esportiu destaca el dissabte la celebraci\u00f3 del quarant\u00e9 aniversari de la Volta a Peu a la Platja d\u2019Almenara, una edici\u00f3 que arrancar\u00e0 a les set de la vesprada amb les categories infantils i a les huit amb una carrera que promet ser espectacular. A m\u00e9s, el diumenge 11 arribar\u00e0 la XIII Travessia nadant Platja Casablanca. En l\u2019aspecte de concerts, destaca el Concert d\u2019Estiu de l\u2019Associaci\u00f3 Musical Santa Cec\u00edlia d\u2019Almenara que se celebrar\u00e0 el diumenge 11 a les 20 hores en el Parc Municipal. A m\u00e9s, en l\u2019aparcament del Carrer Costa del Sol actuar\u00e0 Cuerda Pa Rato (dimecres 14), DJ Sebas Ghong (dimecres 14), Jarana (dijous 15), Milindris Band amb Tribut a Melendi (dijous 15), Patxi Ojana (divendres 16), Dj Kike Ja\u00e9n i DJ Capit\u00e1n Serrano (divendres 16). A m\u00e9s, el dissabte 17 a les 14 hores arribaran les Prefestes organitzades per la Quinta 2024 en l\u2019aparcament del Carrer Costa del Sol amb Dj Royo, Dj Kilian Mart\u00ednez, i Dj Djouza.<\/p>\n\n\n\n<p>ACTES PER A P\u00daBLIC FAMILIAR <\/p>\n\n\n\n<p>Quant a les activitats per a p\u00fablic familiar, destaca una nova edici\u00f3 del tradicional Xixo Xixero i la cercavila de fanalets de mel\u00f3 d\u2019Alger, que es dur\u00e0 a terme el dissabte 17 a partir de les 22 hores amb la companyia de la Colla Garramatxa. El dilluns 5, a les 22 hores, en la zona de l\u2019Oficina de Turisme es projectar\u00e0 la pel\u00b7l\u00edcula \u201cElemental\u201d.  El dimecres 7 al mat\u00ed es duran a terme les Jornades Ambientals i a la nit, dins de Nits de Titelles, es representar\u00e0 Rapunzel. A m\u00e9s, del 14 al 17 a partir de les 19 hores hi haur\u00e0 jocs, tallers i food trucks en l\u2019aparcament del Carrer Costa del Sol. A m\u00e9s, des del Centre d\u2019Interpretaci\u00f3 de la L\u00ednia XYZ s\u2019han programat visites nocturnes al Conjunt Memorial de Darrere del Castell el divendres 9 i el dissabte 17. <\/p>\n\n\n\n<p>Els actes taurins a la Platja Casablanca es duran a terme el dimarts 13 i el dimecres 14 amb exhibici\u00f3 de vaques de la ramaderia local Tauro Covatelles a partir de les 19 hores i bou embolat a la nit, a partir de les 23.30. A m\u00e9s, el propi dimecres 14 la Comissi\u00f3 de Festes de Dalt de la Muralla organitzar\u00e0 un \u201cbou embolat infantil\u201d amb carretons. El divendres 16 se celebrar\u00e0 el dia de Sant Roc, patr\u00f3 d\u2019Almenara. En eixa jornada es celebraran els actes religiosos amb missa a les 19 hores a l\u2019Esgl\u00e9sia de la Platja Casablanca i posterior process\u00f3 i acabar\u00e0 per la nit amb el tradicional castell de focs artificials al costat de la mar oferida per la Pirot\u00e8cnia Germans Caballer d\u2019Almenara, que es disparar\u00e0 des de la Gola de la Llosa a partir de les 23 hores.<\/p>\n\n\n\n<p><\/p>\n","protected":false},"excerpt":{"rendered":"<p>L\u2019Ajuntament d\u2019Almenara ha presentat una nova edici\u00f3 de les Festes d\u2019Estiu de la platja Casablanca de la localitat que comen\u00e7aran amb la Volta a Peu el dissabte 3 d\u2019agost i acabaran amb el Xixo Xixero el dissabte 17. Els concerts i la m\u00fasica, els espectacles per a p\u00fablic familiar, el cinema, les visites guiades al &#8230; <a title=\"Del 3 al 17 d&#8217;agost festes d&#8217;estiu a la Platja Casablanca d&#8217;Almenara\" class=\"read-more\" href=\"https:\/\/elcafedepipa.com\/index.php\/2024\/07\/30\/del-3-al-17-dagost-festes-destiu-a-la-platja-casablanca-dalmenara\/\" aria-label=\"M\u00e9s informaci\u00f3 sobre Del 3 al 17 d&#8217;agost festes d&#8217;estiu a la Platja Casablanca d&#8217;Almenara\">Read more<\/a><\/p>\n","protected":false},"author":2,"featured_media":0,"comment_status":"closed","ping_status":"closed","sticky":false,"template":"","format":"standard","meta":{"om_disable_all_campaigns":false,"_monsterinsights_skip_tracking":false,"_monsterinsights_sitenote_active":false,"_monsterinsights_sitenote_note":"","_monsterinsights_sitenote_category":0,"_uf_show_specific_survey":0,"_uf_disable_surveys":false,"footnotes":""},"categories":[5],"tags":[],"class_list":["post-3753","post","type-post","status-publish","format-standard","hentry","category-almenara"],"_links":{"self":[{"href":"https:\/\/elcafedepipa.com\/index.php\/wp-json\/wp\/v2\/posts\/3753","targetHints":{"allow":["GET"]}}],"collection":[{"href":"https:\/\/elcafedepipa.com\/index.php\/wp-json\/wp\/v2\/posts"}],"about":[{"href":"https:\/\/elcafedepipa.com\/index.php\/wp-json\/wp\/v2\/types\/post"}],"author":[{"embeddable":true,"href":"https:\/\/elcafedepipa.com\/index.php\/wp-json\/wp\/v2\/users\/2"}],"replies":[{"embeddable":true,"href":"https:\/\/elcafedepipa.com\/index.php\/wp-json\/wp\/v2\/comments?post=3753"}],"version-history":[{"count":0,"href":"https:\/\/elcafedepipa.com\/index.php\/wp-json\/wp\/v2\/posts\/3753\/revisions"}],"wp:attachment":[{"href":"https:\/\/elcafedepipa.com\/index.php\/wp-json\/wp\/v2\/media?parent=3753"}],"wp:term":[{"taxonomy":"category","embeddable":true,"href":"https:\/\/elcafedepipa.com\/index.php\/wp-json\/wp\/v2\/categories?post=3753"},{"taxonomy":"post_tag","embeddable":true,"href":"https:\/\/elcafedepipa.com\/index.php\/wp-json\/wp\/v2\/tags?post=3753"}],"curies":[{"name":"wp","href":"https:\/\/api.w.org\/{rel}","templated":true}]}}