{"id":3717,"date":"2024-07-29T12:55:58","date_gmt":"2024-07-29T10:55:58","guid":{"rendered":"https:\/\/elcafedepipa.com\/?p=3717"},"modified":"2024-07-29T12:56:00","modified_gmt":"2024-07-29T10:56:00","slug":"els-monitors-i-monitores-de-la-piscina-coberta-de-la-vall-duixo-es-formen-en-trastorns-del-neurodesenvolupament-per-a-millorar-latencio-als-xiquets-i-xiquetes","status":"publish","type":"post","link":"https:\/\/elcafedepipa.com\/index.php\/2024\/07\/29\/els-monitors-i-monitores-de-la-piscina-coberta-de-la-vall-duixo-es-formen-en-trastorns-del-neurodesenvolupament-per-a-millorar-latencio-als-xiquets-i-xiquetes\/","title":{"rendered":"Els monitors i monitores de la piscina coberta de la Vall d\u2019Uix\u00f3 es formen en trastorns del neurodesenvolupament per a millorar l\u2019atenci\u00f3 als xiquets i xiquetes"},"content":{"rendered":"\n<p>Els monitors i monitores de la piscina municipal coberta de la Vall d&#8217;Uix\u00f3 han finalitzat el curs de formaci\u00f3 en trastorns del neurodesenvolupament en el mitj\u00e0 aqu\u00e0tic. L&#8217;objectiu ha sigut \u201cproporcionar eines i coneixements espec\u00edfics al personal per a millorar l&#8217;atenci\u00f3 i el suport als xiquets i xiquetes que tenen necessitats especials\u201d, tal com ha explicat el conseller delegat d&#8217;Emsevall, Javier Ferreres.<\/p>\n\n\n\n<p>Amb esta iniciativa es tracta de respondre \u201ca la creixent necessitat d&#8217;adaptar les activitats esportives i recreatives perqu\u00e8 siguen inclusives i accessibles a totes les persones\u201d, ha explicat. Aix\u00ed, entre els coneixements que s&#8217;han impartit als monitors i monitores est\u00e0 el foment d&#8217;un ambient inclusiu i segur en la piscina, la identificaci\u00f3 i gesti\u00f3 de comportaments desafiadors de manera efectiva i respectuosa, l&#8217;adaptaci\u00f3 a les necessitats individuals i l&#8217;\u00fas del mitj\u00e0 aqu\u00e0tic com a eina terap\u00e8utica i de desenvolupament personal.<\/p>\n\n\n\n<p>El curs ha sigut impartit per Lorena Su\u00e1rez (Pedra de Lluna), qui ha capacitat al personal en t\u00e8cniques i estrat\u00e8gies efectives per a treballar amb xiquets i xiquetes que presenten diferents trastorns del neurodesenvolupament, com el trastorn de l&#8217;espectre autista (TEA) o el trastorn per d\u00e8ficit d&#8217;atenci\u00f3 i hiperactivitat (TDAH), entre altres. Aix\u00ed, els monitors i monitores de la piscina han rebut tant sessions te\u00f2riques com pr\u00e0ctiques.<\/p>\n\n\n\n<p>Per a Ferreres, el desenvolupament de la formaci\u00f3 \u201cha sigut molt positiu, perqu\u00e8 podrem oferir les activitats aqu\u00e0tiques en un entorn adaptat a totes les necessitats\u201d i \u201cgarantir que tots els xiquets i xiquetes tinguen l&#8217;oportunitat de gaudir de l&#8217;aigua i dels beneficis que ofereixen les activitats de la piscina i que ajuden al benestar i al desenvolupament\u201d.<\/p>\n\n\n\n<p>Amb este curs s&#8217;inicia un projecte de formaci\u00f3 cont\u00ednua per als treballadors i treballadores de la piscina, apostant per \u201crealitzar avaluacions peri\u00f2diques i sessions d&#8217;actualitzaci\u00f3 perqu\u00e8 el personal estiga al dia de les millors pr\u00e0ctiques i investigacions, tant en el camp del neurodesenvolupament com en altres \u00e0mbits\u201d. Aix\u00ed mateix, en les instal\u00b7lacions de la piscina s&#8217;instal\u00b7laran pictogrames per a facilitar la din\u00e0mica dels xiquets i xiquetes tant dins del recinte aqu\u00e0tic com en les pr\u00f2pies sessions.<\/p>\n","protected":false},"excerpt":{"rendered":"<p>Els monitors i monitores de la piscina municipal coberta de la Vall d&#8217;Uix\u00f3 han finalitzat el curs de formaci\u00f3 en trastorns del neurodesenvolupament en el mitj\u00e0 aqu\u00e0tic. L&#8217;objectiu ha sigut \u201cproporcionar eines i coneixements espec\u00edfics al personal per a millorar l&#8217;atenci\u00f3 i el suport als xiquets i xiquetes que tenen necessitats especials\u201d, tal com ha &#8230; <a title=\"Els monitors i monitores de la piscina coberta de la Vall d\u2019Uix\u00f3 es formen en trastorns del neurodesenvolupament per a millorar l\u2019atenci\u00f3 als xiquets i xiquetes\" class=\"read-more\" href=\"https:\/\/elcafedepipa.com\/index.php\/2024\/07\/29\/els-monitors-i-monitores-de-la-piscina-coberta-de-la-vall-duixo-es-formen-en-trastorns-del-neurodesenvolupament-per-a-millorar-latencio-als-xiquets-i-xiquetes\/\" aria-label=\"M\u00e9s informaci\u00f3 sobre Els monitors i monitores de la piscina coberta de la Vall d\u2019Uix\u00f3 es formen en trastorns del neurodesenvolupament per a millorar l\u2019atenci\u00f3 als xiquets i xiquetes\">Read more<\/a><\/p>\n","protected":false},"author":2,"featured_media":0,"comment_status":"closed","ping_status":"closed","sticky":false,"template":"","format":"standard","meta":{"om_disable_all_campaigns":false,"_monsterinsights_skip_tracking":false,"_monsterinsights_sitenote_active":false,"_monsterinsights_sitenote_note":"","_monsterinsights_sitenote_category":0,"_uf_show_specific_survey":0,"_uf_disable_surveys":false,"footnotes":""},"categories":[2],"tags":[],"class_list":["post-3717","post","type-post","status-publish","format-standard","hentry","category-lavallduixo"],"_links":{"self":[{"href":"https:\/\/elcafedepipa.com\/index.php\/wp-json\/wp\/v2\/posts\/3717","targetHints":{"allow":["GET"]}}],"collection":[{"href":"https:\/\/elcafedepipa.com\/index.php\/wp-json\/wp\/v2\/posts"}],"about":[{"href":"https:\/\/elcafedepipa.com\/index.php\/wp-json\/wp\/v2\/types\/post"}],"author":[{"embeddable":true,"href":"https:\/\/elcafedepipa.com\/index.php\/wp-json\/wp\/v2\/users\/2"}],"replies":[{"embeddable":true,"href":"https:\/\/elcafedepipa.com\/index.php\/wp-json\/wp\/v2\/comments?post=3717"}],"version-history":[{"count":0,"href":"https:\/\/elcafedepipa.com\/index.php\/wp-json\/wp\/v2\/posts\/3717\/revisions"}],"wp:attachment":[{"href":"https:\/\/elcafedepipa.com\/index.php\/wp-json\/wp\/v2\/media?parent=3717"}],"wp:term":[{"taxonomy":"category","embeddable":true,"href":"https:\/\/elcafedepipa.com\/index.php\/wp-json\/wp\/v2\/categories?post=3717"},{"taxonomy":"post_tag","embeddable":true,"href":"https:\/\/elcafedepipa.com\/index.php\/wp-json\/wp\/v2\/tags?post=3717"}],"curies":[{"name":"wp","href":"https:\/\/api.w.org\/{rel}","templated":true}]}}