{"id":3694,"date":"2024-07-28T19:25:14","date_gmt":"2024-07-28T17:25:14","guid":{"rendered":"https:\/\/elcafedepipa.com\/?p=3694"},"modified":"2024-07-28T19:25:15","modified_gmt":"2024-07-28T17:25:15","slug":"la-diputacio-de-castello-enaltix-la-singularitat-de-les-casetes-que-narren-la-historia-dels-poblats-maritims-de-la-provincia","status":"publish","type":"post","link":"https:\/\/elcafedepipa.com\/index.php\/2024\/07\/28\/la-diputacio-de-castello-enaltix-la-singularitat-de-les-casetes-que-narren-la-historia-dels-poblats-maritims-de-la-provincia\/","title":{"rendered":"La Diputaci\u00f3 de Castell\u00f3 enaltix la singularitat de &#8220;les casetes&#8221; que narren la hist\u00f2ria dels poblats mar\u00edtims de la prov\u00edncia."},"content":{"rendered":"\n<p>La Diputaci\u00f3 de Castell\u00f3 ha destacat la import\u00e0ncia de les casetes mar\u00edtimes, considerant-les com a elements singulars del patrimoni hist\u00f2ric que cal protegir. Aquestes construccions, t\u00edpiques de la costa castellonenca, s\u00f3n testimoni de la hist\u00f2ria i la cultura de la regi\u00f3, i s&#8217;est\u00e0 fent un esfor\u00e7 per assegurar-ne la preservaci\u00f3. Per tal motiu s&#8217;ha fet una trobada provincial a Nules amb representants dels municipis d&#8217;Almenara, Xilxes, Moncofa, Borriana, Almassora, Benic\u00e0ssi, Cabanes, Alcossebre, Alcal\u00e0 de Xivert i el propi Nules.<\/p>\n\n\n\n<p>La presidenta de la Diputaci\u00f3, Marta Barrachina, ha afirmat que les casetes mar\u00edtimes representen una part fonamental de la identitat de Castell\u00f3 i que \u00e9s essencial mantenir-les per a les futures generacions. En aquest sentit, s&#8217;han posat en marxa diverses iniciatives per restaurar i conservar aquestes estructures, aix\u00ed com per promoure la seua valoraci\u00f3 entre la poblaci\u00f3 local i els visitants. La presidenta ha participat tamb\u00e9 en l&#8217;obertura de la mostra &#8220;100 anys a vora mar&#8221; i de &#8220;Pinzellades d&#8217;art&#8221;, una exposici\u00f3 de 12 quadres pintats per artistes locals dirigits per Josefina Rossell\u00f3.<\/p>\n\n\n\n<p>La Diputaci\u00f3 tamb\u00e9 est\u00e0 treballant en la catalogaci\u00f3 de les casetes mar\u00edtimes m\u00e9s representatives, amb l&#8217;objectiu de declarar-les B\u00e9 d&#8217;Inter\u00e8s Cultural (BIC). Aquesta mesura proporcionaria una protecci\u00f3 jur\u00eddica m\u00e9s gran i ajudaria a garantir la seua conservaci\u00f3 a llarg termini.<\/p>\n\n\n\n<p>Amb aquestes accions, la Diputaci\u00f3 de Castell\u00f3 vol assegurar que les casetes mar\u00edtimes continuen formant part del paisatge i la mem\u00f2ria col\u00b7lectiva de la regi\u00f3, contribuint al mateix temps a l&#8217;atractiu tur\u00edstic de la zona.<\/p>\n\n\n\n<p><\/p>\n","protected":false},"excerpt":{"rendered":"<p>La Diputaci\u00f3 de Castell\u00f3 ha destacat la import\u00e0ncia de les casetes mar\u00edtimes, considerant-les com a elements singulars del patrimoni hist\u00f2ric que cal protegir. Aquestes construccions, t\u00edpiques de la costa castellonenca, s\u00f3n testimoni de la hist\u00f2ria i la cultura de la regi\u00f3, i s&#8217;est\u00e0 fent un esfor\u00e7 per assegurar-ne la preservaci\u00f3. Per tal motiu s&#8217;ha fet &#8230; <a title=\"La Diputaci\u00f3 de Castell\u00f3 enaltix la singularitat de &#8220;les casetes&#8221; que narren la hist\u00f2ria dels poblats mar\u00edtims de la prov\u00edncia.\" class=\"read-more\" href=\"https:\/\/elcafedepipa.com\/index.php\/2024\/07\/28\/la-diputacio-de-castello-enaltix-la-singularitat-de-les-casetes-que-narren-la-historia-dels-poblats-maritims-de-la-provincia\/\" aria-label=\"M\u00e9s informaci\u00f3 sobre La Diputaci\u00f3 de Castell\u00f3 enaltix la singularitat de &#8220;les casetes&#8221; que narren la hist\u00f2ria dels poblats mar\u00edtims de la prov\u00edncia.\">Read more<\/a><\/p>\n","protected":false},"author":2,"featured_media":0,"comment_status":"closed","ping_status":"closed","sticky":false,"template":"","format":"standard","meta":{"om_disable_all_campaigns":false,"_monsterinsights_skip_tracking":false,"_monsterinsights_sitenote_active":false,"_monsterinsights_sitenote_note":"","_monsterinsights_sitenote_category":0,"_uf_show_specific_survey":0,"_uf_disable_surveys":false,"footnotes":""},"categories":[3],"tags":[],"class_list":["post-3694","post","type-post","status-publish","format-standard","hentry","category-nules"],"_links":{"self":[{"href":"https:\/\/elcafedepipa.com\/index.php\/wp-json\/wp\/v2\/posts\/3694","targetHints":{"allow":["GET"]}}],"collection":[{"href":"https:\/\/elcafedepipa.com\/index.php\/wp-json\/wp\/v2\/posts"}],"about":[{"href":"https:\/\/elcafedepipa.com\/index.php\/wp-json\/wp\/v2\/types\/post"}],"author":[{"embeddable":true,"href":"https:\/\/elcafedepipa.com\/index.php\/wp-json\/wp\/v2\/users\/2"}],"replies":[{"embeddable":true,"href":"https:\/\/elcafedepipa.com\/index.php\/wp-json\/wp\/v2\/comments?post=3694"}],"version-history":[{"count":0,"href":"https:\/\/elcafedepipa.com\/index.php\/wp-json\/wp\/v2\/posts\/3694\/revisions"}],"wp:attachment":[{"href":"https:\/\/elcafedepipa.com\/index.php\/wp-json\/wp\/v2\/media?parent=3694"}],"wp:term":[{"taxonomy":"category","embeddable":true,"href":"https:\/\/elcafedepipa.com\/index.php\/wp-json\/wp\/v2\/categories?post=3694"},{"taxonomy":"post_tag","embeddable":true,"href":"https:\/\/elcafedepipa.com\/index.php\/wp-json\/wp\/v2\/tags?post=3694"}],"curies":[{"name":"wp","href":"https:\/\/api.w.org\/{rel}","templated":true}]}}