{"id":3685,"date":"2024-07-27T10:30:00","date_gmt":"2024-07-27T08:30:00","guid":{"rendered":"https:\/\/elcafedepipa.com\/?p=3685"},"modified":"2024-07-26T16:38:31","modified_gmt":"2024-07-26T14:38:31","slug":"nules-reobre-el-casal-jove-amb-installacions-totalment-renovades","status":"publish","type":"post","link":"https:\/\/elcafedepipa.com\/index.php\/2024\/07\/27\/nules-reobre-el-casal-jove-amb-installacions-totalment-renovades\/","title":{"rendered":"Nules reobre el Casal Jove amb instal\u00b7lacions totalment renovades"},"content":{"rendered":"\n<p><strong>L\u2019actuaci\u00f3 feta a aquest immoble municipal ha comptat amb una inversi\u00f3n de m\u00e9s d\u2019un mili\u00f3 d\u2019euros<\/strong><\/p>\n\n\n\n<p>Nules ha reobert les portes del Casal Jove despr\u00e9s de les obres de renovaci\u00f3, oferint al municipi unes instal\u00b7lacions completament actualitzades. L\u2019alcalde, David&nbsp;Garc\u00eda, juntament amb la regidora de Joventut, Blanca Silvestre, la regidora d\u2019Inf\u00e0ncia i Educaci\u00f3, Rosa Ventura, i altres regidors del govern local han visitat recentment aquestes instal\u00b7lacions per a verificar el seu correcte funcionament.<\/p>\n\n\n\n<p>La inversi\u00f3 total d\u2019aquesta actuaci\u00f3 ascendeix a 1.076.842 euros, dels quals l\u2019Ajuntament de Nules ha rebut una subvenci\u00f3 de 708.019,63 euros del Ministeri de Transports, Mobilitat i Agenda Urbana a trav\u00e9s del Programa d\u2019Impuls a la Rehabilitaci\u00f3 dels Edificis P\u00fablics per a les&nbsp;entitats locals.<\/p>\n\n\n\n<p>Entre les actuacions&nbsp;realitzades&nbsp;s&#8217;inclouen mesures per a l\u2019estalvi energ\u00e8tic i la millora de l\u2019accessibilitat. Es preveu que el consum energ\u00e8tic es reduir\u00e0 m\u00e9s d\u2019un 70%, convertint l\u2019edifici en gaireb\u00e9 nul pel que fa al consum energ\u00e8tic.<\/p>\n\n\n\n<p>Per a aconseguir la m\u00e0xima efici\u00e8ncia energ\u00e8tica, s\u2019ha incorporat un sistema d\u2019a\u00efllament t\u00e8rmic exterior a les fa\u00e7anes,&nbsp;trasdosats&nbsp;interiors amb a\u00efllant t\u00e8rmic-ac\u00fastic, i a\u00efllament en els falsos sostres. A m\u00e9s, s\u2019han instal\u00b7lat bombes de captaci\u00f3 d\u2019energia mitjan\u00e7ant geot\u00e8rmia, captadors fotovoltaics, sistemes de renovaci\u00f3 d\u2019aire amb recuperaci\u00f3 de calor, fusteries t\u00e8rmiques, vidres m\u00e9s eficients, i elements de control de&nbsp;solejament.<\/p>\n\n\n\n<p>Aix\u00ed mateix, s\u2019ha dotat l\u2019edifici d\u2019accessibilitat universal amb la construcci\u00f3 d\u2019una passarel\u00b7la interior en rampa que connecta els dos edificis i la instal\u00b7laci\u00f3 de dos ascensors.<\/p>\n\n\n\n<p>El consistori destaca la import\u00e0ncia d\u2019aquestes obres per a la localitat, ja que el Casal Jove s\u2019ha adaptat a les necessitats actuals d\u2019un centre destinat a la dinamitzaci\u00f3 de la poblaci\u00f3 jove de 12 a 30 anys, i tamb\u00e9 funcionar\u00e0 com centre homologat de Formaci\u00f3 de Persones Adultes (FPA).<\/p>\n","protected":false},"excerpt":{"rendered":"<p>L\u2019actuaci\u00f3 feta a aquest immoble municipal ha comptat amb una inversi\u00f3n de m\u00e9s d\u2019un mili\u00f3 d\u2019euros Nules ha reobert les portes del Casal Jove despr\u00e9s de les obres de renovaci\u00f3, oferint al municipi unes instal\u00b7lacions completament actualitzades. L\u2019alcalde, David&nbsp;Garc\u00eda, juntament amb la regidora de Joventut, Blanca Silvestre, la regidora d\u2019Inf\u00e0ncia i Educaci\u00f3, Rosa Ventura, i &#8230; <a title=\"Nules reobre el Casal Jove amb instal\u00b7lacions totalment renovades\" class=\"read-more\" href=\"https:\/\/elcafedepipa.com\/index.php\/2024\/07\/27\/nules-reobre-el-casal-jove-amb-installacions-totalment-renovades\/\" aria-label=\"M\u00e9s informaci\u00f3 sobre Nules reobre el Casal Jove amb instal\u00b7lacions totalment renovades\">Read more<\/a><\/p>\n","protected":false},"author":2,"featured_media":0,"comment_status":"closed","ping_status":"closed","sticky":false,"template":"","format":"standard","meta":{"om_disable_all_campaigns":false,"_monsterinsights_skip_tracking":false,"_monsterinsights_sitenote_active":false,"_monsterinsights_sitenote_note":"","_monsterinsights_sitenote_category":0,"_uf_show_specific_survey":0,"_uf_disable_surveys":false,"footnotes":""},"categories":[3],"tags":[],"class_list":["post-3685","post","type-post","status-publish","format-standard","hentry","category-nules"],"_links":{"self":[{"href":"https:\/\/elcafedepipa.com\/index.php\/wp-json\/wp\/v2\/posts\/3685","targetHints":{"allow":["GET"]}}],"collection":[{"href":"https:\/\/elcafedepipa.com\/index.php\/wp-json\/wp\/v2\/posts"}],"about":[{"href":"https:\/\/elcafedepipa.com\/index.php\/wp-json\/wp\/v2\/types\/post"}],"author":[{"embeddable":true,"href":"https:\/\/elcafedepipa.com\/index.php\/wp-json\/wp\/v2\/users\/2"}],"replies":[{"embeddable":true,"href":"https:\/\/elcafedepipa.com\/index.php\/wp-json\/wp\/v2\/comments?post=3685"}],"version-history":[{"count":0,"href":"https:\/\/elcafedepipa.com\/index.php\/wp-json\/wp\/v2\/posts\/3685\/revisions"}],"wp:attachment":[{"href":"https:\/\/elcafedepipa.com\/index.php\/wp-json\/wp\/v2\/media?parent=3685"}],"wp:term":[{"taxonomy":"category","embeddable":true,"href":"https:\/\/elcafedepipa.com\/index.php\/wp-json\/wp\/v2\/categories?post=3685"},{"taxonomy":"post_tag","embeddable":true,"href":"https:\/\/elcafedepipa.com\/index.php\/wp-json\/wp\/v2\/tags?post=3685"}],"curies":[{"name":"wp","href":"https:\/\/api.w.org\/{rel}","templated":true}]}}