{"id":3677,"date":"2024-07-26T15:30:00","date_gmt":"2024-07-26T13:30:00","guid":{"rendered":"https:\/\/elcafedepipa.com\/?p=3677"},"modified":"2024-07-26T14:13:16","modified_gmt":"2024-07-26T12:13:16","slug":"mes-de-350-xiquetes-i-xiquets-participen-en-les-activitats-de-conciliacio-a-almenara-durant-juliol","status":"publish","type":"post","link":"https:\/\/elcafedepipa.com\/index.php\/2024\/07\/26\/mes-de-350-xiquetes-i-xiquets-participen-en-les-activitats-de-conciliacio-a-almenara-durant-juliol\/","title":{"rendered":"M\u00e9s de 350 xiquetes i xiquets participen en les activitats de conciliaci\u00f3 a Almenara durant juliol"},"content":{"rendered":"\n<p><strong>Al llarg del mes de juliol m\u00e9s de 350 xiquets i xiquetes d&#8217;Almenara han participat en les diverses propostes municipals per a conciliar la vida familiar i laboral<\/strong><\/p>\n\n\n\n<p>M\u00e9s de 350 xiquetes i xiquets han participat al llarg del mes de juliol en les activitats programades des de l&#8217;Ajuntament d&#8217;Almenara destinades a la conciliaci\u00f3 de la vida laboral i familiar. Aquestes activitats, emmarcades en l\u2019Escola d\u2019Estiu, el Campus Esportiu i les activitats de l\u2019Escola Infantil Municipal, han finalitzat hui.<\/p>\n\n\n\n<p>En les instal\u00b7lacions del CEIP Juan Carlos I s&#8217;ha dut a terme l\u2019Escola d\u2019Estiu, que ha cobert les etapes d&#8217;infantil i prim\u00e0ria amb jocs i tallers sobre \u201cl\u2019Estiu&nbsp;Ol\u00edmpic\u201d. Hui s&#8217;han traslladat al Casal Jove per a celebrar el festival de cloenda.<\/p>\n\n\n\n<p>Les xiquetes i xiquets d&#8217;entre 0 i 3 anys han participat en les activitats l\u00fadiques, educatives i aqu\u00e0tiques promogudes des de l\u2019Escola Infantil Municipal d&#8217;Almenara, gestionada de manera directa per l&#8217;ajuntament. Entre la seua programaci\u00f3 destaquen les visites a la piscina o al Mercat Municipal, com la que s&#8217;ha realitzat aquest mat\u00ed.<\/p>\n\n\n\n<p>Finalment, un any m\u00e9s s&#8217;ha celebrat el Campus Esportiu d&#8217;Almenara amb activitats vinculades al m\u00f3n de l&#8217;esport i els h\u00e0bits saludables. En eixe \u00e0mbit, hui com a&nbsp;punt i final&nbsp;a les activitats, s&#8217;ha desenvolupat un triatl\u00f3.<\/p>\n\n\n\n<p>L&#8217;alcaldessa d&#8217;Almenara,&nbsp;Est\u00edbaliz&nbsp;P\u00e9rez, ha destacat \u201cla gran acceptaci\u00f3 que han tingut un any m\u00e9s les propostes que des de l&#8217;ajuntament realitzem aquest mes de juliol per a conciliar la vida laboral i familiar, per\u00f2 tamb\u00e9 per a formar-se, divertir-se, i fomentar els h\u00e0bits saludables i l&#8217;esport\u201d.<\/p>\n","protected":false},"excerpt":{"rendered":"<p>Al llarg del mes de juliol m\u00e9s de 350 xiquets i xiquetes d&#8217;Almenara han participat en les diverses propostes municipals per a conciliar la vida familiar i laboral M\u00e9s de 350 xiquetes i xiquets han participat al llarg del mes de juliol en les activitats programades des de l&#8217;Ajuntament d&#8217;Almenara destinades a la conciliaci\u00f3 de &#8230; <a title=\"M\u00e9s de 350 xiquetes i xiquets participen en les activitats de conciliaci\u00f3 a Almenara durant juliol\" class=\"read-more\" href=\"https:\/\/elcafedepipa.com\/index.php\/2024\/07\/26\/mes-de-350-xiquetes-i-xiquets-participen-en-les-activitats-de-conciliacio-a-almenara-durant-juliol\/\" aria-label=\"M\u00e9s informaci\u00f3 sobre M\u00e9s de 350 xiquetes i xiquets participen en les activitats de conciliaci\u00f3 a Almenara durant juliol\">Read more<\/a><\/p>\n","protected":false},"author":2,"featured_media":0,"comment_status":"closed","ping_status":"closed","sticky":false,"template":"","format":"standard","meta":{"om_disable_all_campaigns":false,"_monsterinsights_skip_tracking":false,"_monsterinsights_sitenote_active":false,"_monsterinsights_sitenote_note":"","_monsterinsights_sitenote_category":0,"_uf_show_specific_survey":0,"_uf_disable_surveys":false,"footnotes":""},"categories":[5],"tags":[],"class_list":["post-3677","post","type-post","status-publish","format-standard","hentry","category-almenara"],"_links":{"self":[{"href":"https:\/\/elcafedepipa.com\/index.php\/wp-json\/wp\/v2\/posts\/3677","targetHints":{"allow":["GET"]}}],"collection":[{"href":"https:\/\/elcafedepipa.com\/index.php\/wp-json\/wp\/v2\/posts"}],"about":[{"href":"https:\/\/elcafedepipa.com\/index.php\/wp-json\/wp\/v2\/types\/post"}],"author":[{"embeddable":true,"href":"https:\/\/elcafedepipa.com\/index.php\/wp-json\/wp\/v2\/users\/2"}],"replies":[{"embeddable":true,"href":"https:\/\/elcafedepipa.com\/index.php\/wp-json\/wp\/v2\/comments?post=3677"}],"version-history":[{"count":0,"href":"https:\/\/elcafedepipa.com\/index.php\/wp-json\/wp\/v2\/posts\/3677\/revisions"}],"wp:attachment":[{"href":"https:\/\/elcafedepipa.com\/index.php\/wp-json\/wp\/v2\/media?parent=3677"}],"wp:term":[{"taxonomy":"category","embeddable":true,"href":"https:\/\/elcafedepipa.com\/index.php\/wp-json\/wp\/v2\/categories?post=3677"},{"taxonomy":"post_tag","embeddable":true,"href":"https:\/\/elcafedepipa.com\/index.php\/wp-json\/wp\/v2\/tags?post=3677"}],"curies":[{"name":"wp","href":"https:\/\/api.w.org\/{rel}","templated":true}]}}