{"id":3656,"date":"2024-07-26T10:01:57","date_gmt":"2024-07-26T08:01:57","guid":{"rendered":"https:\/\/elcafedepipa.com\/?p=3656"},"modified":"2024-07-26T10:01:58","modified_gmt":"2024-07-26T08:01:58","slug":"almenara-obri-la-xv-edicio-de-la-fira-comercial-destiu-a-la-mar","status":"publish","type":"post","link":"https:\/\/elcafedepipa.com\/index.php\/2024\/07\/26\/almenara-obri-la-xv-edicio-de-la-fira-comercial-destiu-a-la-mar\/","title":{"rendered":"Almenara obri la XV edici\u00f3 de la Fira Comercial d&#8217;Estiu a la Mar"},"content":{"rendered":"\n<p style=\"font-size:24px\"><strong>L\u2019esdeveniment, situat prop de l&#8217;Oficina de Turisme, estar\u00e0 obert fins el diumenge amb activitats i promocions<\/strong><\/p>\n\n\n\n<p>Ahir de vesprada es va inaugurar la XV edici\u00f3 de la Fira Comercial d\u2019Estiu a la Mar d&#8217;Almenara, que enguany es realitza en la zona de l&#8217;Oficina de Turisme, sense deixar el Passeig Mar\u00edtim de la Platja Casablanca. La Fira romandr\u00e0 oberta fins al diumenge a partir de les 20 hores.<\/p>\n\n\n\n<p>El Passeig Mar\u00edtim es converteix una vegada m\u00e9s en un gran aparador del comer\u00e7 local d&#8217;Almenara, on es poden trobar novetats i promocions de diferents sectors, des de la moda fins a les tecnologies m\u00e9s modernes. Tamb\u00e9 hi participen artistes locals com Can\u00f3s i Candela&nbsp;Hurtado, i Protecci\u00f3 Civil d&#8217;Almenara. A m\u00e9s, hi haur\u00e0 una \u00e0rea gastron\u00f2mica i de restauraci\u00f3.<\/p>\n\n\n\n<p>La programaci\u00f3 inclou diverses activitats, comen\u00e7ant amb el grup de&nbsp;Hip-hop&nbsp;del Centre&nbsp;FPA&nbsp;Paulo Freire d&#8217;Almenara en l&#8217;acte inaugural. Dem\u00e0 a la nit, a les 22 hores, hi haur\u00e0 un concert de&nbsp;Gustavo&nbsp;Parad\u00eds, i el dissabte a mitjanit se celebrar\u00e0 la tradicional desfilada de moda i complements de&nbsp;Chelo&nbsp;Agramunt.<\/p>\n\n\n\n<p>Per als m\u00e9s menuts, hi haur\u00e0 jocs infantils a partir de les 20 hores, el divendres i dissabte, aix\u00ed com un taller per a elaborar socarrats el diumenge a les 20.30 hores.<\/p>\n\n\n\n<p>L&#8217;alcaldessa d&#8217;Almenara,\u00a0Est\u00edbaliz\u00a0P\u00e9rez, ha destacat: \u201cAmb motiu de la Fira d\u2019Estiu a la Mar convertim el nostre passeig mar\u00edtim en un gran aparador dels diversos productes que es poden trobar a les botigues de la nostra localitat. Des del govern local, continuem impulsant i donant suport als nostres establiments per generar economia i llocs de treball\u201d. Finalment, ha convidat als ve\u00efns, ve\u00efnes i visitants a acostar-se fins al diumenge a la zona de la\u00a0Tourist\u00a0Info\u00a0en el Passeig Mar\u00edtim per con\u00e9ixer totes les promocions del comer\u00e7 local i gaudir de les activitats programades.<\/p>\n","protected":false},"excerpt":{"rendered":"<p>L\u2019esdeveniment, situat prop de l&#8217;Oficina de Turisme, estar\u00e0 obert fins el diumenge amb activitats i promocions Ahir de vesprada es va inaugurar la XV edici\u00f3 de la Fira Comercial d\u2019Estiu a la Mar d&#8217;Almenara, que enguany es realitza en la zona de l&#8217;Oficina de Turisme, sense deixar el Passeig Mar\u00edtim de la Platja Casablanca. La &#8230; <a title=\"Almenara obri la XV edici\u00f3 de la Fira Comercial d&#8217;Estiu a la Mar\" class=\"read-more\" href=\"https:\/\/elcafedepipa.com\/index.php\/2024\/07\/26\/almenara-obri-la-xv-edicio-de-la-fira-comercial-destiu-a-la-mar\/\" aria-label=\"M\u00e9s informaci\u00f3 sobre Almenara obri la XV edici\u00f3 de la Fira Comercial d&#8217;Estiu a la Mar\">Read more<\/a><\/p>\n","protected":false},"author":2,"featured_media":0,"comment_status":"closed","ping_status":"closed","sticky":false,"template":"","format":"standard","meta":{"om_disable_all_campaigns":false,"_monsterinsights_skip_tracking":false,"_monsterinsights_sitenote_active":false,"_monsterinsights_sitenote_note":"","_monsterinsights_sitenote_category":0,"_uf_show_specific_survey":0,"_uf_disable_surveys":false,"footnotes":""},"categories":[5],"tags":[],"class_list":["post-3656","post","type-post","status-publish","format-standard","hentry","category-almenara"],"_links":{"self":[{"href":"https:\/\/elcafedepipa.com\/index.php\/wp-json\/wp\/v2\/posts\/3656","targetHints":{"allow":["GET"]}}],"collection":[{"href":"https:\/\/elcafedepipa.com\/index.php\/wp-json\/wp\/v2\/posts"}],"about":[{"href":"https:\/\/elcafedepipa.com\/index.php\/wp-json\/wp\/v2\/types\/post"}],"author":[{"embeddable":true,"href":"https:\/\/elcafedepipa.com\/index.php\/wp-json\/wp\/v2\/users\/2"}],"replies":[{"embeddable":true,"href":"https:\/\/elcafedepipa.com\/index.php\/wp-json\/wp\/v2\/comments?post=3656"}],"version-history":[{"count":0,"href":"https:\/\/elcafedepipa.com\/index.php\/wp-json\/wp\/v2\/posts\/3656\/revisions"}],"wp:attachment":[{"href":"https:\/\/elcafedepipa.com\/index.php\/wp-json\/wp\/v2\/media?parent=3656"}],"wp:term":[{"taxonomy":"category","embeddable":true,"href":"https:\/\/elcafedepipa.com\/index.php\/wp-json\/wp\/v2\/categories?post=3656"},{"taxonomy":"post_tag","embeddable":true,"href":"https:\/\/elcafedepipa.com\/index.php\/wp-json\/wp\/v2\/tags?post=3656"}],"curies":[{"name":"wp","href":"https:\/\/api.w.org\/{rel}","templated":true}]}}