{"id":3652,"date":"2024-07-26T09:52:26","date_gmt":"2024-07-26T07:52:26","guid":{"rendered":"https:\/\/elcafedepipa.com\/?p=3652"},"modified":"2024-07-26T09:52:27","modified_gmt":"2024-07-26T07:52:27","slug":"el-parc-del-progres-de-la-vall-duixo-disposa-ja-dun-nou-sombraje-per-als-xiquets","status":"publish","type":"post","link":"https:\/\/elcafedepipa.com\/index.php\/2024\/07\/26\/el-parc-del-progres-de-la-vall-duixo-disposa-ja-dun-nou-sombraje-per-als-xiquets\/","title":{"rendered":"El Parc del Progr\u00e9s de la Vall d\u2019Uix\u00f3 disposa ja d\u2019un nou sombraje per als xiquets"},"content":{"rendered":"\n<p style=\"font-size:24px\"><strong>Amb una inversi\u00f3 de 19.000 euros, el consistori ha instal\u00b7lat dues veles de 120 m\u00b2 per protegir els menuts del sol i les altes temperatures<\/strong><\/p>\n\n\n\n<p>L\u2019Ajuntament de la Vall d\u2019Uix\u00f3 ha instal\u00b7lat un sistema de&nbsp;ombreja&nbsp;a la zona de jocs infantils del Parc del Progr\u00e9s, en el barri Toledo, amb una inversi\u00f3 de 19.000 euros. Les dues veles de 120 m\u00b2&nbsp;ancorades&nbsp;al s\u00f2l proporcionen ombra i protecci\u00f3 contra les altes temperatures, especialment durant els mesos m\u00e9s calorosos.<\/p>\n\n\n\n<p>La primera edil,&nbsp;Tania&nbsp;Ba\u00f1os, ha destacat que aquesta millora va ser una sol\u00b7licitud de l\u2019associaci\u00f3 de ve\u00efns i pares del barri, ja que \u00e9s una zona molt utilitzada i no comptava amb ombra natural. Aquesta actuaci\u00f3 forma part de la iniciativa municipal per contrarestar els efectes del canvi clim\u00e0tic, que va comen\u00e7ar l\u2019any passat al parc del 9 d\u2019Octubre (Carbonaire).<\/p>\n\n\n\n<p>El regidor de Medi Ambient i Transici\u00f3 Ecol\u00f2gica, Marc Seguer, ha indicat: \u201cEstem adaptant les pol\u00edtiques municipals i les infraestructures p\u00fabliques a la crisi clim\u00e0tica per oferir espais a l\u2019aire lliure on la ciutadania es\u00a0puga\u00a0refrescar&#8221;. Aix\u00ed mateix, s&#8217;est\u00e0 en la fase final de construcci\u00f3 del splash park amb jocs d&#8217;aigua a la\u00a0pla\u00e7a\u00a0del Parc.<\/p>\n\n\n\n<p>Vicente&nbsp;Pitarch, regidor d\u2019Urbanisme, ha anunciat que al mes d\u2019agost es publicar\u00e0 la licitaci\u00f3 de les obres de reforma del tal\u00fas del Parc del Progr\u00e9s, afectat per despreniments per pluges. Els treballs oferiran una soluci\u00f3 definitiva i garantiran la seguretat abans de finalitzar l\u2019any.<\/p>\n\n\n\n<p>El pr\u00f2xim 29 de juliol acaba el termini per a presentar ofertes per adjudicar 70.000 euros en millores de jocs i zones esportives de diversos parcs i zones verdes,&nbsp;incloent-hi&nbsp;la renovaci\u00f3 dels jocs del Parc del Progr\u00e9s i de la pla\u00e7a del Castell, aix\u00ed com reparacions en altres \u00e0rees.<\/p>\n\n\n\n<p>A m\u00e9s, la millora dels parcs i jardins \u00e9s una prioritat per al consistori de la Vall d\u2019Uix\u00f3, que a finals de l&#8217;any passat va actuar en les zones de jocs infantils del Pol\u00edgon 3, Enric Valor, Col\u00f2nia Segarra, pla\u00e7a del Parc i Assumpci\u00f3. Tamb\u00e9 es va crear un nou espai de jocs en l\u2019antic&nbsp;skate&nbsp;park.<\/p>\n\n\n\n<p>Aprofitant la visita al barri Toledo, l\u2019alcaldessa ha reclamat a la Conselleria d\u2019Educaci\u00f3 que augmente el cr\u00e8dit per iniciar la reforma del CEIP Lleonard Mingarro. \u201cFa set mesos que esperem&nbsp;resposta per ampliar la partida, perqu\u00e8 el projecte est\u00e0 redactat, aprovat i llest per a licitar les obres\u201d, ha remarcat, demanant \u201cagilitat\u201d per a una reforma urgent del col\u00b7legi, vital per al barri.<\/p>\n","protected":false},"excerpt":{"rendered":"<p>Amb una inversi\u00f3 de 19.000 euros, el consistori ha instal\u00b7lat dues veles de 120 m\u00b2 per protegir els menuts del sol i les altes temperatures L\u2019Ajuntament de la Vall d\u2019Uix\u00f3 ha instal\u00b7lat un sistema de&nbsp;ombreja&nbsp;a la zona de jocs infantils del Parc del Progr\u00e9s, en el barri Toledo, amb una inversi\u00f3 de 19.000 euros. Les &#8230; <a title=\"El Parc del Progr\u00e9s de la Vall d\u2019Uix\u00f3 disposa ja d\u2019un nou sombraje per als xiquets\" class=\"read-more\" href=\"https:\/\/elcafedepipa.com\/index.php\/2024\/07\/26\/el-parc-del-progres-de-la-vall-duixo-disposa-ja-dun-nou-sombraje-per-als-xiquets\/\" aria-label=\"M\u00e9s informaci\u00f3 sobre El Parc del Progr\u00e9s de la Vall d\u2019Uix\u00f3 disposa ja d\u2019un nou sombraje per als xiquets\">Read more<\/a><\/p>\n","protected":false},"author":2,"featured_media":0,"comment_status":"closed","ping_status":"closed","sticky":false,"template":"","format":"standard","meta":{"om_disable_all_campaigns":false,"_monsterinsights_skip_tracking":false,"_monsterinsights_sitenote_active":false,"_monsterinsights_sitenote_note":"","_monsterinsights_sitenote_category":0,"_uf_show_specific_survey":0,"_uf_disable_surveys":false,"footnotes":""},"categories":[2],"tags":[],"class_list":["post-3652","post","type-post","status-publish","format-standard","hentry","category-lavallduixo"],"_links":{"self":[{"href":"https:\/\/elcafedepipa.com\/index.php\/wp-json\/wp\/v2\/posts\/3652","targetHints":{"allow":["GET"]}}],"collection":[{"href":"https:\/\/elcafedepipa.com\/index.php\/wp-json\/wp\/v2\/posts"}],"about":[{"href":"https:\/\/elcafedepipa.com\/index.php\/wp-json\/wp\/v2\/types\/post"}],"author":[{"embeddable":true,"href":"https:\/\/elcafedepipa.com\/index.php\/wp-json\/wp\/v2\/users\/2"}],"replies":[{"embeddable":true,"href":"https:\/\/elcafedepipa.com\/index.php\/wp-json\/wp\/v2\/comments?post=3652"}],"version-history":[{"count":0,"href":"https:\/\/elcafedepipa.com\/index.php\/wp-json\/wp\/v2\/posts\/3652\/revisions"}],"wp:attachment":[{"href":"https:\/\/elcafedepipa.com\/index.php\/wp-json\/wp\/v2\/media?parent=3652"}],"wp:term":[{"taxonomy":"category","embeddable":true,"href":"https:\/\/elcafedepipa.com\/index.php\/wp-json\/wp\/v2\/categories?post=3652"},{"taxonomy":"post_tag","embeddable":true,"href":"https:\/\/elcafedepipa.com\/index.php\/wp-json\/wp\/v2\/tags?post=3652"}],"curies":[{"name":"wp","href":"https:\/\/api.w.org\/{rel}","templated":true}]}}