{"id":3625,"date":"2024-07-25T14:00:05","date_gmt":"2024-07-25T12:00:05","guid":{"rendered":"https:\/\/elcafedepipa.com\/?p=3625"},"modified":"2024-07-25T14:00:07","modified_gmt":"2024-07-25T12:00:07","slug":"podcast-repas-setmanal-dactualitat-baix-loptica-de-lequip-de-govern-amb-tania-banos-2","status":"publish","type":"post","link":"https:\/\/elcafedepipa.com\/index.php\/2024\/07\/25\/podcast-repas-setmanal-dactualitat-baix-loptica-de-lequip-de-govern-amb-tania-banos-2\/","title":{"rendered":"Podcast | Rep\u00e0s setmanal d&#8217;actualitat baix l&#8217;\u00f2ptica de l&#8217;equip de govern amb Tania Ba\u00f1os"},"content":{"rendered":"\n<p><strong>\u00c0UDIO | <\/strong>Amb l&#8217;alcaldessa de la Vall d&#8217;Uix\u00f3, Tania Ba\u00f1os, repassem l&#8217;actualitat m\u00e9s destacada de la setmana, parlant d&#8217;algunes actuacions que s&#8217;estan portant a terme en parcs i jardins i de les obres del Cam\u00ed de l&#8217;Aigua. A m\u00e9s, anunciava que el pr\u00f2xim dilluns comen\u00e7aran les obres del segon poliesportiu.<\/p>\n\n\n\n<figure class=\"wp-block-audio\"><audio controls src=\"https:\/\/elcafedepipa.com\/wp-content\/uploads\/2024\/07\/tania25jul.mp3\"><\/audio><\/figure>\n","protected":false},"excerpt":{"rendered":"<p>\u00c0UDIO | Amb l&#8217;alcaldessa de la Vall d&#8217;Uix\u00f3, Tania Ba\u00f1os, repassem l&#8217;actualitat m\u00e9s destacada de la setmana, parlant d&#8217;algunes actuacions que s&#8217;estan portant a terme en parcs i jardins i de les obres del Cam\u00ed de l&#8217;Aigua. A m\u00e9s, anunciava que el pr\u00f2xim dilluns comen\u00e7aran les obres del segon poliesportiu.<\/p>\n","protected":false},"author":2,"featured_media":0,"comment_status":"closed","ping_status":"closed","sticky":false,"template":"","format":"standard","meta":{"om_disable_all_campaigns":false,"_monsterinsights_skip_tracking":false,"_monsterinsights_sitenote_active":false,"_monsterinsights_sitenote_note":"","_monsterinsights_sitenote_category":0,"_uf_show_specific_survey":0,"_uf_disable_surveys":false,"footnotes":""},"categories":[2],"tags":[],"class_list":["post-3625","post","type-post","status-publish","format-standard","hentry","category-lavallduixo"],"_links":{"self":[{"href":"https:\/\/elcafedepipa.com\/index.php\/wp-json\/wp\/v2\/posts\/3625","targetHints":{"allow":["GET"]}}],"collection":[{"href":"https:\/\/elcafedepipa.com\/index.php\/wp-json\/wp\/v2\/posts"}],"about":[{"href":"https:\/\/elcafedepipa.com\/index.php\/wp-json\/wp\/v2\/types\/post"}],"author":[{"embeddable":true,"href":"https:\/\/elcafedepipa.com\/index.php\/wp-json\/wp\/v2\/users\/2"}],"replies":[{"embeddable":true,"href":"https:\/\/elcafedepipa.com\/index.php\/wp-json\/wp\/v2\/comments?post=3625"}],"version-history":[{"count":0,"href":"https:\/\/elcafedepipa.com\/index.php\/wp-json\/wp\/v2\/posts\/3625\/revisions"}],"wp:attachment":[{"href":"https:\/\/elcafedepipa.com\/index.php\/wp-json\/wp\/v2\/media?parent=3625"}],"wp:term":[{"taxonomy":"category","embeddable":true,"href":"https:\/\/elcafedepipa.com\/index.php\/wp-json\/wp\/v2\/categories?post=3625"},{"taxonomy":"post_tag","embeddable":true,"href":"https:\/\/elcafedepipa.com\/index.php\/wp-json\/wp\/v2\/tags?post=3625"}],"curies":[{"name":"wp","href":"https:\/\/api.w.org\/{rel}","templated":true}]}}